{"id":8205,"date":"2023-05-16T05:46:59","date_gmt":"2023-05-16T05:46:59","guid":{"rendered":"http:\/\/www.televisionalternativa.es\/000\/?p=8205"},"modified":"2023-05-16T05:46:59","modified_gmt":"2023-05-16T05:46:59","slug":"outfit-del-dia-top-crop-de-cuello-asimetrico-y-minifalda-ajustada","status":"publish","type":"post","link":"https:\/\/www.televisionalternativa.es\/000\/?p=8205","title":{"rendered":"Outfit del d\u00eda: Top crop de cuello asim\u00e9trico y Minifalda ajustada"},"content":{"rendered":"\n<figure class=\"wp-block-embed is-type-video is-provider-youtube wp-block-embed-youtube wp-embed-aspect-16-9 wp-has-aspect-ratio\"><div class=\"wp-block-embed__wrapper\">\n<iframe loading=\"lazy\" title=\"Outfit del d\u00eda: Conjunto Top crop de cuello asim\u00e9trico y minifalda ajustada\" width=\"747\" height=\"420\" src=\"https:\/\/www.youtube.com\/embed\/Z80Zt4mqfaI?feature=oembed\" frameborder=\"0\" allow=\"accelerometer; autoplay; clipboard-write; encrypted-media; gyroscope; picture-in-picture; web-share\" allowfullscreen><\/iframe>\n<\/div><\/figure>\n\n\n\n<p>Una opci\u00f3n de moda sofisticada y elegante que seguro llamar\u00e1 la atenci\u00f3n. Este conjunto es vers\u00e1til y moderno, lo que lo hace perfecto para cualquier ocasi\u00f3n.<\/p>\n\n\n\n<p>El corte del cuello es asim\u00e9trico, lo que le agrega un toque de originalidad y sofisticaci\u00f3n , mientras que el corte ajustado  resalta la figura de tu cuerpo, mientras que la longitud es perfecta para mostrar tu cintura y agregar un toque de sensualidad.<\/p>\n\n\n\n<p>La minifalda ajustada es el complemento su tela es suave y c\u00f3moda, lo que la hace f\u00e1cil de llevar durante todo el d\u00eda. El corte ajustado de la falda resalta las curvas de tu cuerpo y le agrega un toque de sofisticaci\u00f3n al conjunto.<\/p>\n\n\n\n<p>Este conjunto es ideal para una cena, un evento especial o una reuni\u00f3n de trabajo. Para completar el look, puedes combinarlo con tacones altos y un bolso elegante. Si deseas un aspecto m\u00e1s informal, puedes combinarlo con zapatillas deportivas o sandalias.<\/p>\n\n\n\n<p>Es un conjunto de moda moderna y vers\u00e1til que no te defraudar\u00e1.<\/p>\n\n\n\n<p><\/p>\n","protected":false},"excerpt":{"rendered":"Una opci\u00f3n de moda sofisticada y elegante que seguro llamar\u00e1 la atenci\u00f3n. Este conjunto es vers\u00e1til y moderno, lo que lo hace perfecto \n<a class=\"moretag\" href=\"https:\/\/www.televisionalternativa.es\/000\/?p=8205\"> [...]<\/a>","protected":false},"author":14,"featured_media":8206,"comment_status":"closed","ping_status":"closed","sticky":false,"template":"","format":"standard","meta":{"footnotes":""},"categories":[3,79],"tags":[1041,1316],"class_list":["post-8205","post","type-post","status-publish","format-standard","has-post-thumbnail","hentry","category-blog","category-moda","tag-moda","tag-outfits"],"_links":{"self":[{"href":"https:\/\/www.televisionalternativa.es\/000\/index.php?rest_route=\/wp\/v2\/posts\/8205","targetHints":{"allow":["GET"]}}],"collection":[{"href":"https:\/\/www.televisionalternativa.es\/000\/index.php?rest_route=\/wp\/v2\/posts"}],"about":[{"href":"https:\/\/www.televisionalternativa.es\/000\/index.php?rest_route=\/wp\/v2\/types\/post"}],"author":[{"embeddable":true,"href":"https:\/\/www.televisionalternativa.es\/000\/index.php?rest_route=\/wp\/v2\/users\/14"}],"replies":[{"embeddable":true,"href":"https:\/\/www.televisionalternativa.es\/000\/index.php?rest_route=%2Fwp%2Fv2%2Fcomments&post=8205"}],"version-history":[{"count":1,"href":"https:\/\/www.televisionalternativa.es\/000\/index.php?rest_route=\/wp\/v2\/posts\/8205\/revisions"}],"predecessor-version":[{"id":8207,"href":"https:\/\/www.televisionalternativa.es\/000\/index.php?rest_route=\/wp\/v2\/posts\/8205\/revisions\/8207"}],"wp:featuredmedia":[{"embeddable":true,"href":"https:\/\/www.televisionalternativa.es\/000\/index.php?rest_route=\/wp\/v2\/media\/8206"}],"wp:attachment":[{"href":"https:\/\/www.televisionalternativa.es\/000\/index.php?rest_route=%2Fwp%2Fv2%2Fmedia&parent=8205"}],"wp:term":[{"taxonomy":"category","embeddable":true,"href":"https:\/\/www.televisionalternativa.es\/000\/index.php?rest_route=%2Fwp%2Fv2%2Fcategories&post=8205"},{"taxonomy":"post_tag","embeddable":true,"href":"https:\/\/www.televisionalternativa.es\/000\/index.php?rest_route=%2Fwp%2Fv2%2Ftags&post=8205"}],"curies":[{"name":"wp","href":"https:\/\/api.w.org\/{rel}","templated":true}]}}