{"id":7813,"date":"2012-07-24T06:24:58","date_gmt":"2012-07-24T06:24:58","guid":{"rendered":"http:\/\/www.televisionalternativa.es\/000\/?p=2840"},"modified":"2012-07-24T06:24:58","modified_gmt":"2012-07-24T06:24:58","slug":"el-irlandes-seduce-al-publico-y-a-la-critica-de-nuestro-pais","status":"publish","type":"post","link":"https:\/\/www.televisionalternativa.es\/000\/?p=7813","title":{"rendered":"\u201cEL IRLAND\u00c9S\u201d SEDUCE AL P\u00daBLICO Y A LA CR\u00cdTICA DE NUESTRO PA\u00cdS"},"content":{"rendered":"<p>Despu\u00e9s de convertirse en la pel\u00edcula independiente irlandesa m\u00e1s taquillera de la historia de Irlanda, <strong>EL IRLAND\u00c9S<\/strong> de <strong>John Michael McDonagh<\/strong>, se estren\u00f3 el pasado viernes en nuestro pa\u00eds, con un magn\u00edfico resultado en la taquilla y con el apoyo un\u00e1nime de la cr\u00edtica.<\/p>\n<div>\nLa comedia con <strong>Brendan Gleeson<\/strong> y <strong>Don Cheadle<\/strong> se estren\u00f3 con 53 copias y entr\u00f3 en la <strong>8\u00aa posici\u00f3n de la cartelera<\/strong> con 141.450 euros. <strong>EL IRLAND\u00c9S<\/strong> logr\u00f3 la segunda mejor media por cine (2.670 euros\/cine), s\u00f3lo por detr\u00e1s de <em>\u201cEl Caballero Oscuro: La Leyenda Renace\u201d<\/em>.<\/div>\n<div>\nTras su estreno,<strong> EL IRLAND\u00c9S<\/strong> se convirti\u00f3 en un aut\u00e9ntico fen\u00f3meno en su pa\u00eds, recaudando m\u00e1s de 4.1 millones de euros y ganando 4 premios de la Academia de Cine y Televisi\u00f3n irlandesa, incluyendo <em>Mejor Pel\u00edcula<\/em>, <em>Mejor Director<\/em>, <em>Mejor Gui\u00f3n Original <\/em>y <em>Mejor Actriz Secundaria.<\/em><\/div>\n<div>\nA nivel internacional, <strong>EL IRLAND\u00c9S<\/strong> particip\u00f3 en los festivales de Sundance, Berl\u00edn, Tribeca, compiti\u00f3 en la <strong>Semana Internacional de Cine de Valladolid<\/strong> (Seminci) donde Brendan Gleeson gan\u00f3 el premio al <em>Mejor Actor<\/em> y obtuvo una <strong>nominaci\u00f3n a los Globos de Oro<\/strong> en la categor\u00eda de <em>Mejor Actor de comedia o musical<\/em>.<\/div>\n<div><strong><\/p>\n<p>Sinopsis<\/strong><br \/>\nComedia sobre como un exc\u00e9ntrico, grosero y subversivo polic\u00eda irland\u00e9s debe colaborar con un m\u00e1s que aburrido agente del FBI para detener a un grupo de traficantes de drogas que est\u00e1n amenazando la tranquilidad del condado de Galway.<\/div>\n","protected":false},"excerpt":{"rendered":"Despu\u00e9s de convertirse en la pel\u00edcula independiente irlandesa m\u00e1s taquillera de la historia de Irlanda, EL IRLAND\u00c9S de John Michael McDonagh, se estren\u00f3 \n<a class=\"moretag\" href=\"https:\/\/www.televisionalternativa.es\/000\/?p=7813\"> [...]<\/a>","protected":false},"author":14,"featured_media":2841,"comment_status":"closed","ping_status":"closed","sticky":false,"template":"","format":"standard","meta":{"footnotes":""},"categories":[3,63],"tags":[326,198,64,340,67,327],"class_list":["post-7813","post","type-post","status-publish","format-standard","has-post-thumbnail","hentry","category-blog","category-cine","tag-alternativa","tag-cartelera","tag-cine-2","tag-festival","tag-taquilla","tag-television-2"],"_links":{"self":[{"href":"https:\/\/www.televisionalternativa.es\/000\/index.php?rest_route=\/wp\/v2\/posts\/7813","targetHints":{"allow":["GET"]}}],"collection":[{"href":"https:\/\/www.televisionalternativa.es\/000\/index.php?rest_route=\/wp\/v2\/posts"}],"about":[{"href":"https:\/\/www.televisionalternativa.es\/000\/index.php?rest_route=\/wp\/v2\/types\/post"}],"author":[{"embeddable":true,"href":"https:\/\/www.televisionalternativa.es\/000\/index.php?rest_route=\/wp\/v2\/users\/14"}],"replies":[{"embeddable":true,"href":"https:\/\/www.televisionalternativa.es\/000\/index.php?rest_route=%2Fwp%2Fv2%2Fcomments&post=7813"}],"version-history":[{"count":0,"href":"https:\/\/www.televisionalternativa.es\/000\/index.php?rest_route=\/wp\/v2\/posts\/7813\/revisions"}],"wp:featuredmedia":[{"embeddable":true,"href":"https:\/\/www.televisionalternativa.es\/000\/index.php?rest_route=\/wp\/v2\/media\/2841"}],"wp:attachment":[{"href":"https:\/\/www.televisionalternativa.es\/000\/index.php?rest_route=%2Fwp%2Fv2%2Fmedia&parent=7813"}],"wp:term":[{"taxonomy":"category","embeddable":true,"href":"https:\/\/www.televisionalternativa.es\/000\/index.php?rest_route=%2Fwp%2Fv2%2Fcategories&post=7813"},{"taxonomy":"post_tag","embeddable":true,"href":"https:\/\/www.televisionalternativa.es\/000\/index.php?rest_route=%2Fwp%2Fv2%2Ftags&post=7813"}],"curies":[{"name":"wp","href":"https:\/\/api.w.org\/{rel}","templated":true}]}}