{"id":7812,"date":"2012-07-12T06:37:32","date_gmt":"2012-07-12T06:37:32","guid":{"rendered":"http:\/\/www.televisionalternativa.es\/000\/?p=2773"},"modified":"2012-07-12T06:37:32","modified_gmt":"2012-07-12T06:37:32","slug":"el-3-de-agosto-llegara-a-los-cines-sin-rastro-2","status":"publish","type":"post","link":"https:\/\/www.televisionalternativa.es\/000\/?p=7812","title":{"rendered":"El 3 de agosto llegar\u00e1 a los cines SIN RASTRO"},"content":{"rendered":"<table width=\"100%\">\n<tbody>\n<tr>\n<td align=\"justify\">\n<p align=\"justify\">Dirigido por <strong>Heitor Dhalia<\/strong>, <strong><em>SIN RASTRO<\/em><\/strong> es una apasionante historia sobre una joven en peligro, determinada a plantar cara a la persona que la agredi\u00f3 en el pasado para proteger la vida de sus seres queridos.<\/p>\n<\/td>\n<\/tr>\n<tr>\n<td height=\"20\"><\/td>\n<\/tr>\n<tr>\n<td align=\"justify\">\n<p align=\"justify\">Acompa\u00f1an a <strong>Amanda Seyfried<\/strong> en el reparto <strong>Jenifer Carpenter<\/strong> (<em>Dexter, Quarantine, El exorcismo de Emily Rose<\/em>), <strong>Daniel Sunjata<\/strong> (<em>El caballero oscuro la leyenda renace, La cazarrecompensas, Anatom\u00eda de Grey<\/em>) y <strong>Wes Bentley<\/strong> (<em>Los juegos del hambre, Underworld el despertar<\/em>).<\/p>\n<\/td>\n<\/tr>\n<tr>\n<td height=\"20\"><\/td>\n<\/tr>\n<tr>\n<td align=\"justify\">\n<p align=\"justify\"><strong>SINOPSIS<\/strong><br \/>\nJill Parrish (<strong>Amanda Seyfried<\/strong>) regresa a su casa despu\u00e9s de pasar la noche trabajando y descubre que su hermana ha sido raptada. Jill sospecha que el secuestrador es el mismo que la atorment\u00f3 a ella a\u00f1os atr\u00e1s. Nadie cree a Jill, por lo que deber\u00e1 luchar por s\u00ed misma a contrarreloj para evitar que el misterioso asesino acabe con la vida de su hermana.<\/p>\n<\/td>\n<\/tr>\n<\/tbody>\n<\/table>\n<p>&nbsp;<\/p>\n<p>&nbsp;<\/p>\n","protected":false},"excerpt":{"rendered":"Dirigido por Heitor Dhalia, SIN RASTRO es una apasionante historia sobre una joven en peligro, determinada a plantar cara a la persona que \n<a class=\"moretag\" href=\"https:\/\/www.televisionalternativa.es\/000\/?p=7812\"> [...]<\/a>","protected":false},"author":14,"featured_media":2774,"comment_status":"closed","ping_status":"closed","sticky":false,"template":"","format":"standard","meta":{"footnotes":""},"categories":[3,63],"tags":[326,198,64,340,327],"class_list":["post-7812","post","type-post","status-publish","format-standard","has-post-thumbnail","hentry","category-blog","category-cine","tag-alternativa","tag-cartelera","tag-cine-2","tag-festival","tag-television-2"],"_links":{"self":[{"href":"https:\/\/www.televisionalternativa.es\/000\/index.php?rest_route=\/wp\/v2\/posts\/7812","targetHints":{"allow":["GET"]}}],"collection":[{"href":"https:\/\/www.televisionalternativa.es\/000\/index.php?rest_route=\/wp\/v2\/posts"}],"about":[{"href":"https:\/\/www.televisionalternativa.es\/000\/index.php?rest_route=\/wp\/v2\/types\/post"}],"author":[{"embeddable":true,"href":"https:\/\/www.televisionalternativa.es\/000\/index.php?rest_route=\/wp\/v2\/users\/14"}],"replies":[{"embeddable":true,"href":"https:\/\/www.televisionalternativa.es\/000\/index.php?rest_route=%2Fwp%2Fv2%2Fcomments&post=7812"}],"version-history":[{"count":0,"href":"https:\/\/www.televisionalternativa.es\/000\/index.php?rest_route=\/wp\/v2\/posts\/7812\/revisions"}],"wp:featuredmedia":[{"embeddable":true,"href":"https:\/\/www.televisionalternativa.es\/000\/index.php?rest_route=\/wp\/v2\/media\/2774"}],"wp:attachment":[{"href":"https:\/\/www.televisionalternativa.es\/000\/index.php?rest_route=%2Fwp%2Fv2%2Fmedia&parent=7812"}],"wp:term":[{"taxonomy":"category","embeddable":true,"href":"https:\/\/www.televisionalternativa.es\/000\/index.php?rest_route=%2Fwp%2Fv2%2Fcategories&post=7812"},{"taxonomy":"post_tag","embeddable":true,"href":"https:\/\/www.televisionalternativa.es\/000\/index.php?rest_route=%2Fwp%2Fv2%2Ftags&post=7812"}],"curies":[{"name":"wp","href":"https:\/\/api.w.org\/{rel}","templated":true}]}}