{"id":7401,"date":"2019-12-22T20:11:54","date_gmt":"2019-12-22T20:11:54","guid":{"rendered":"http:\/\/www.televisionalternativa.es\/000\/?p=7401"},"modified":"2020-05-17T21:36:22","modified_gmt":"2020-05-17T21:36:22","slug":"especial-minifaldas-y-shorts-try-on-haul-rebajas-de-verano-para-television-alternativa","status":"publish","type":"post","link":"https:\/\/www.televisionalternativa.es\/000\/?p=7401","title":{"rendered":"Especial Minifaldas y Shorts Try On Haul Rebajas de verano para Television Alternativa"},"content":{"rendered":"\n<p> Las #rebajas de verano ya est\u00e1n aqu\u00ed y para que pas\u00e9is un verano de #moda , Especial minifaldas y shorts para mujer. Summers #sale are here and for your summer of fashion, miniskirts and mini shorts for women . <\/p>\n\n\n\n<figure class=\"wp-block-embed-youtube wp-block-embed is-type-video is-provider-youtube wp-embed-aspect-16-9 wp-has-aspect-ratio\"><div class=\"wp-block-embed__wrapper\">\n<iframe loading=\"lazy\" title=\"Especial Minifaldas y Shorts Try On Haul Rebajas de verano para Television Alternativa\" width=\"747\" height=\"420\" src=\"https:\/\/www.youtube.com\/embed\/btMAZBDU4AU?feature=oembed\" frameborder=\"0\" allow=\"accelerometer; autoplay; encrypted-media; gyroscope; picture-in-picture\" allowfullscreen><\/iframe>\n<\/div><\/figure>\n","protected":false},"excerpt":{"rendered":"Las #rebajas de verano ya est\u00e1n aqu\u00ed y para que pas\u00e9is un verano de #moda , Especial minifaldas y shorts para mujer. Summers \n<a class=\"moretag\" href=\"https:\/\/www.televisionalternativa.es\/000\/?p=7401\"> [...]<\/a>","protected":false},"author":14,"featured_media":7406,"comment_status":"closed","ping_status":"closed","sticky":false,"template":"","format":"standard","meta":{"footnotes":""},"categories":[3,79],"tags":[1472,1041,1473],"class_list":["post-7401","post","type-post","status-publish","format-standard","has-post-thumbnail","hentry","category-blog","category-moda","tag-minifadas","tag-moda","tag-shorts"],"_links":{"self":[{"href":"https:\/\/www.televisionalternativa.es\/000\/index.php?rest_route=\/wp\/v2\/posts\/7401","targetHints":{"allow":["GET"]}}],"collection":[{"href":"https:\/\/www.televisionalternativa.es\/000\/index.php?rest_route=\/wp\/v2\/posts"}],"about":[{"href":"https:\/\/www.televisionalternativa.es\/000\/index.php?rest_route=\/wp\/v2\/types\/post"}],"author":[{"embeddable":true,"href":"https:\/\/www.televisionalternativa.es\/000\/index.php?rest_route=\/wp\/v2\/users\/14"}],"replies":[{"embeddable":true,"href":"https:\/\/www.televisionalternativa.es\/000\/index.php?rest_route=%2Fwp%2Fv2%2Fcomments&post=7401"}],"version-history":[{"count":1,"href":"https:\/\/www.televisionalternativa.es\/000\/index.php?rest_route=\/wp\/v2\/posts\/7401\/revisions"}],"predecessor-version":[{"id":7402,"href":"https:\/\/www.televisionalternativa.es\/000\/index.php?rest_route=\/wp\/v2\/posts\/7401\/revisions\/7402"}],"wp:featuredmedia":[{"embeddable":true,"href":"https:\/\/www.televisionalternativa.es\/000\/index.php?rest_route=\/wp\/v2\/media\/7406"}],"wp:attachment":[{"href":"https:\/\/www.televisionalternativa.es\/000\/index.php?rest_route=%2Fwp%2Fv2%2Fmedia&parent=7401"}],"wp:term":[{"taxonomy":"category","embeddable":true,"href":"https:\/\/www.televisionalternativa.es\/000\/index.php?rest_route=%2Fwp%2Fv2%2Fcategories&post=7401"},{"taxonomy":"post_tag","embeddable":true,"href":"https:\/\/www.televisionalternativa.es\/000\/index.php?rest_route=%2Fwp%2Fv2%2Ftags&post=7401"}],"curies":[{"name":"wp","href":"https:\/\/api.w.org\/{rel}","templated":true}]}}