{"id":7397,"date":"2019-07-31T20:22:14","date_gmt":"2019-07-31T20:22:14","guid":{"rendered":"http:\/\/www.televisionalternativa.es\/000\/?p=7397"},"modified":"2020-05-17T21:36:22","modified_gmt":"2020-05-17T21:36:22","slug":"especial-rebajas-de-bikinis-y-banadores-de-mujer-para-el-verano","status":"publish","type":"post","link":"https:\/\/www.televisionalternativa.es\/000\/?p=7397","title":{"rendered":"Especial Rebajas de bikinis y ba\u00f1adores de mujer para el Verano"},"content":{"rendered":"\n<p>Las #rebajas de verano ya est\u00e1n aqu\u00ed y para que pas\u00e9is un verano de #moda , Especial bikinis , trikinis , y ba\u00f1adores para mujer.<\/p>\n\n\n\n<p>Summers #sale are here and for your summer of fashion, bikinis, trikinis, and swimsuits, for women .<\/p>\n\n\n\n<figure class=\"wp-block-embed-youtube wp-block-embed is-type-video is-provider-youtube wp-embed-aspect-16-9 wp-has-aspect-ratio\"><div class=\"wp-block-embed__wrapper\">\n<iframe loading=\"lazy\" title=\"Especial Rebajas de bikinis y ba\u00f1adores  Try On Haul para el Verano por Televisi\u00f3n Alternativa\" width=\"747\" height=\"420\" src=\"https:\/\/www.youtube.com\/embed\/1T5wfSRtP_k?feature=oembed\" frameborder=\"0\" allow=\"accelerometer; autoplay; encrypted-media; gyroscope; picture-in-picture\" allowfullscreen><\/iframe>\n<\/div><\/figure>\n","protected":false},"excerpt":{"rendered":"Las #rebajas de verano ya est\u00e1n aqu\u00ed y para que pas\u00e9is un verano de #moda , Especial bikinis , trikinis , y ba\u00f1adores \n<a class=\"moretag\" href=\"https:\/\/www.televisionalternativa.es\/000\/?p=7397\"> [...]<\/a>","protected":false},"author":14,"featured_media":7407,"comment_status":"closed","ping_status":"closed","sticky":false,"template":"","format":"standard","meta":{"footnotes":""},"categories":[3,79],"tags":[1471],"class_list":["post-7397","post","type-post","status-publish","format-standard","has-post-thumbnail","hentry","category-blog","category-moda","tag-bikini-moda"],"_links":{"self":[{"href":"https:\/\/www.televisionalternativa.es\/000\/index.php?rest_route=\/wp\/v2\/posts\/7397","targetHints":{"allow":["GET"]}}],"collection":[{"href":"https:\/\/www.televisionalternativa.es\/000\/index.php?rest_route=\/wp\/v2\/posts"}],"about":[{"href":"https:\/\/www.televisionalternativa.es\/000\/index.php?rest_route=\/wp\/v2\/types\/post"}],"author":[{"embeddable":true,"href":"https:\/\/www.televisionalternativa.es\/000\/index.php?rest_route=\/wp\/v2\/users\/14"}],"replies":[{"embeddable":true,"href":"https:\/\/www.televisionalternativa.es\/000\/index.php?rest_route=%2Fwp%2Fv2%2Fcomments&post=7397"}],"version-history":[{"count":2,"href":"https:\/\/www.televisionalternativa.es\/000\/index.php?rest_route=\/wp\/v2\/posts\/7397\/revisions"}],"predecessor-version":[{"id":7405,"href":"https:\/\/www.televisionalternativa.es\/000\/index.php?rest_route=\/wp\/v2\/posts\/7397\/revisions\/7405"}],"wp:featuredmedia":[{"embeddable":true,"href":"https:\/\/www.televisionalternativa.es\/000\/index.php?rest_route=\/wp\/v2\/media\/7407"}],"wp:attachment":[{"href":"https:\/\/www.televisionalternativa.es\/000\/index.php?rest_route=%2Fwp%2Fv2%2Fmedia&parent=7397"}],"wp:term":[{"taxonomy":"category","embeddable":true,"href":"https:\/\/www.televisionalternativa.es\/000\/index.php?rest_route=%2Fwp%2Fv2%2Fcategories&post=7397"},{"taxonomy":"post_tag","embeddable":true,"href":"https:\/\/www.televisionalternativa.es\/000\/index.php?rest_route=%2Fwp%2Fv2%2Ftags&post=7397"}],"curies":[{"name":"wp","href":"https:\/\/api.w.org\/{rel}","templated":true}]}}