{"id":7352,"date":"2018-07-15T22:56:23","date_gmt":"2018-07-15T22:56:23","guid":{"rendered":"http:\/\/www.televisionalternativa.es\/000\/?p=7352"},"modified":"2020-05-17T21:36:23","modified_gmt":"2020-05-17T21:36:23","slug":"no-son-leyendas-cortometraje-de-accion","status":"publish","type":"post","link":"https:\/\/www.televisionalternativa.es\/000\/?p=7352","title":{"rendered":"No son leyendas &#8211; Cortometraje de acci\u00f3n"},"content":{"rendered":"<p><script type=\"text\/javascript\"><!--\ngoogle_ad_client = \"ca-pub-9550527709244125\";\n\/* 468x60, creado 4\/11\/08 *\/\ngoogle_ad_slot = \"1483193768\";\ngoogle_ad_width = 468;\ngoogle_ad_height = 60;\n\/\/-->\n<\/script><br \/>\n<script type=\"text\/javascript\"\nsrc=\"http:\/\/pagead2.googlesyndication.com\/pagead\/show_ads.js\">\n<\/script><br \/>\nUn grupo de estudiantes de una escuela de audiovisuales , decide realizar una comida de fin de curso apunt\u00e1ndose a un evento de aventura y misterio que se realiza en un pueblo que consta con m\u00faltiples leyendas misteriosas. <\/p>\n<p>Durante el evento se produce una discusi\u00f3n que produce un desenlace inesperado.<\/p>\n<p>Cortometraje como divertimento en homenaje a una espectacular escena de acci\u00f3n de una conocida pel\u00edcula.<\/p>\n<p>Agradecimiento a todos los que se han atrevido a colaborar  con nosotros en la grabaci\u00f3n de este divertimento , a los alumnos y especialistas de cine salido de la escuela de especialistas de cine de \u00c1ngel Plana por su gran profesionalidad y entrega , al director de especialistas por su paciencia y buen hacer , a \u00c1ngel Plana por estar siempre dispuesto a ayudarnos en nuestras locuras , a los actores que tuvieron el valor de venir a divertirse y colaborar con nosotros sin conocernos, a la directora de maquillaje , al equipo de producci\u00f3n por soportar al director , a la directora de catering , al conductor del autob\u00fas por su comprensi\u00f3n y colaboraci\u00f3n , a los miles de insectos de la zona que no nos comieron m\u00e1s que un poco y a los fantasmas y espectros del pueblo abandonado que hicieron una excepci\u00f3n con nosotros y permitieron que salieramos de all\u00ed sin bajas.<\/p>\n<p><iframe loading=\"lazy\" title=\"No son leyendas - Cortometraje de acci\u00f3n\" width=\"747\" height=\"420\" src=\"https:\/\/www.youtube.com\/embed\/vBn1H_ueXVE?feature=oembed\" frameborder=\"0\" allow=\"accelerometer; autoplay; encrypted-media; gyroscope; picture-in-picture\" allowfullscreen><\/iframe><\/p>\n<p>Television Alternativa Servicios Audiovisuales y de Producci\u00f3n<br \/>\n-Web: http:\/\/www.televisionalternativa.com<br \/>\n-FACEBOOK: https:\/\/www.facebook.com\/TelevisionAlternativ\/<br \/>\n-Twitter: https:\/\/twitter.com\/televisionalter<br \/>\n-INSTAGRAM: https:\/\/www.instagram.com\/televisionalternativ\/<br \/>\n-Youtube: https:\/\/www.youtube.com\/televisionalternativ<\/p>\n","protected":false},"excerpt":{"rendered":"Un grupo de estudiantes de una escuela de audiovisuales , decide realizar una comida de fin de curso apunt\u00e1ndose a un evento de \n<a class=\"moretag\" href=\"https:\/\/www.televisionalternativa.es\/000\/?p=7352\"> [...]<\/a>","protected":false},"author":14,"featured_media":7354,"comment_status":"closed","ping_status":"closed","sticky":false,"template":"","format":"standard","meta":{"footnotes":""},"categories":[3,63],"tags":[1024,407,1458],"class_list":["post-7352","post","type-post","status-publish","format-standard","has-post-thumbnail","hentry","category-blog","category-cine","tag-accion","tag-cortometraje","tag-shortfilm"],"_links":{"self":[{"href":"https:\/\/www.televisionalternativa.es\/000\/index.php?rest_route=\/wp\/v2\/posts\/7352","targetHints":{"allow":["GET"]}}],"collection":[{"href":"https:\/\/www.televisionalternativa.es\/000\/index.php?rest_route=\/wp\/v2\/posts"}],"about":[{"href":"https:\/\/www.televisionalternativa.es\/000\/index.php?rest_route=\/wp\/v2\/types\/post"}],"author":[{"embeddable":true,"href":"https:\/\/www.televisionalternativa.es\/000\/index.php?rest_route=\/wp\/v2\/users\/14"}],"replies":[{"embeddable":true,"href":"https:\/\/www.televisionalternativa.es\/000\/index.php?rest_route=%2Fwp%2Fv2%2Fcomments&post=7352"}],"version-history":[{"count":1,"href":"https:\/\/www.televisionalternativa.es\/000\/index.php?rest_route=\/wp\/v2\/posts\/7352\/revisions"}],"predecessor-version":[{"id":7353,"href":"https:\/\/www.televisionalternativa.es\/000\/index.php?rest_route=\/wp\/v2\/posts\/7352\/revisions\/7353"}],"wp:featuredmedia":[{"embeddable":true,"href":"https:\/\/www.televisionalternativa.es\/000\/index.php?rest_route=\/wp\/v2\/media\/7354"}],"wp:attachment":[{"href":"https:\/\/www.televisionalternativa.es\/000\/index.php?rest_route=%2Fwp%2Fv2%2Fmedia&parent=7352"}],"wp:term":[{"taxonomy":"category","embeddable":true,"href":"https:\/\/www.televisionalternativa.es\/000\/index.php?rest_route=%2Fwp%2Fv2%2Fcategories&post=7352"},{"taxonomy":"post_tag","embeddable":true,"href":"https:\/\/www.televisionalternativa.es\/000\/index.php?rest_route=%2Fwp%2Fv2%2Ftags&post=7352"}],"curies":[{"name":"wp","href":"https:\/\/api.w.org\/{rel}","templated":true}]}}