{"id":7348,"date":"2018-06-20T22:51:51","date_gmt":"2018-06-20T22:51:51","guid":{"rendered":"http:\/\/www.televisionalternativa.es\/000\/?p=7348"},"modified":"2020-05-17T21:36:23","modified_gmt":"2020-05-17T21:36:23","slug":"buscamos-el-chiste-mas-gracioso-del-mundo-ayudadnos-a-encontrarlo","status":"publish","type":"post","link":"https:\/\/www.televisionalternativa.es\/000\/?p=7348","title":{"rendered":"Buscamos el chiste m\u00e1s gracioso del mundo , ayudadnos a encontrarlo"},"content":{"rendered":"<p><script type=\"text\/javascript\"><!--\ngoogle_ad_client = \"ca-pub-9550527709244125\";\n\/* 468x60, creado 4\/11\/08 *\/\ngoogle_ad_slot = \"1483193768\";\ngoogle_ad_width = 468;\ngoogle_ad_height = 60;\n\/\/-->\n<\/script><br \/>\n<script type=\"text\/javascript\"\nsrc=\"http:\/\/pagead2.googlesyndication.com\/pagead\/show_ads.js\">\n<\/script><br \/>\nEste es  el chiste que m\u00e1s gracia hace a uno de nuestros compa\u00f1eros y hemos querido  que nuestra compa\u00f1era Marta os lo cuente  y nos digais si conoceis un chiste que sea m\u00e1s gracioso que este.<\/p>\n<p>Os retamos a contarnos en los comentarios  chistes que sean m\u00e1s gracioso que este<\/p>\n<p><iframe loading=\"lazy\" title=\"El chiste m\u00e1s gracioso del mundo ...\" width=\"747\" height=\"420\" src=\"https:\/\/www.youtube.com\/embed\/9QsO_g0qSbY?feature=oembed\" frameborder=\"0\" allow=\"accelerometer; autoplay; encrypted-media; gyroscope; picture-in-picture\" allowfullscreen><\/iframe><\/p>\n<p>Television Alternativa Servicios Audiovisuales y de Producci\u00f3n<br \/>\n-Web: http:\/\/www.televisionalternativa.com<br \/>\n-FACEBOOK: https:\/\/www.facebook.com\/TelevisionAlternativ\/<br \/>\n-Twitter: https:\/\/twitter.com\/televisionalter<br \/>\n-INSTAGRAM: https:\/\/www.instagram.com\/televisionalternativ\/<br \/>\n-Youtube: https:\/\/www.youtube.com\/televisionalternativ<\/p>\n","protected":false},"excerpt":{"rendered":"Este es el chiste que m\u00e1s gracia hace a uno de nuestros compa\u00f1eros y hemos querido que nuestra compa\u00f1era Marta os lo cuente \n<a class=\"moretag\" href=\"https:\/\/www.televisionalternativa.es\/000\/?p=7348\"> [...]<\/a>","protected":false},"author":14,"featured_media":7351,"comment_status":"closed","ping_status":"closed","sticky":false,"template":"","format":"standard","meta":{"footnotes":""},"categories":[3,21],"tags":[205,1033],"class_list":["post-7348","post","type-post","status-publish","format-standard","has-post-thumbnail","hentry","category-blog","category-humor","tag-chistes","tag-humor"],"_links":{"self":[{"href":"https:\/\/www.televisionalternativa.es\/000\/index.php?rest_route=\/wp\/v2\/posts\/7348","targetHints":{"allow":["GET"]}}],"collection":[{"href":"https:\/\/www.televisionalternativa.es\/000\/index.php?rest_route=\/wp\/v2\/posts"}],"about":[{"href":"https:\/\/www.televisionalternativa.es\/000\/index.php?rest_route=\/wp\/v2\/types\/post"}],"author":[{"embeddable":true,"href":"https:\/\/www.televisionalternativa.es\/000\/index.php?rest_route=\/wp\/v2\/users\/14"}],"replies":[{"embeddable":true,"href":"https:\/\/www.televisionalternativa.es\/000\/index.php?rest_route=%2Fwp%2Fv2%2Fcomments&post=7348"}],"version-history":[{"count":1,"href":"https:\/\/www.televisionalternativa.es\/000\/index.php?rest_route=\/wp\/v2\/posts\/7348\/revisions"}],"predecessor-version":[{"id":7350,"href":"https:\/\/www.televisionalternativa.es\/000\/index.php?rest_route=\/wp\/v2\/posts\/7348\/revisions\/7350"}],"wp:featuredmedia":[{"embeddable":true,"href":"https:\/\/www.televisionalternativa.es\/000\/index.php?rest_route=\/wp\/v2\/media\/7351"}],"wp:attachment":[{"href":"https:\/\/www.televisionalternativa.es\/000\/index.php?rest_route=%2Fwp%2Fv2%2Fmedia&parent=7348"}],"wp:term":[{"taxonomy":"category","embeddable":true,"href":"https:\/\/www.televisionalternativa.es\/000\/index.php?rest_route=%2Fwp%2Fv2%2Fcategories&post=7348"},{"taxonomy":"post_tag","embeddable":true,"href":"https:\/\/www.televisionalternativa.es\/000\/index.php?rest_route=%2Fwp%2Fv2%2Ftags&post=7348"}],"curies":[{"name":"wp","href":"https:\/\/api.w.org\/{rel}","templated":true}]}}