{"id":7294,"date":"2018-04-07T14:58:48","date_gmt":"2018-04-07T14:58:48","guid":{"rendered":"http:\/\/www.televisionalternativa.es\/000\/?p=7294"},"modified":"2020-05-17T21:36:23","modified_gmt":"2020-05-17T21:36:23","slug":"leyendas-urbanas-i-fiesta-de-pijamas","status":"publish","type":"post","link":"https:\/\/www.televisionalternativa.es\/000\/?p=7294","title":{"rendered":"Leyendas Urbanas I : Fiesta de pijamas"},"content":{"rendered":"<p><script type=\"text\/javascript\"><!--\ngoogle_ad_client = \"ca-pub-9550527709244125\";\n\/* 468x60, creado 4\/11\/08 *\/\ngoogle_ad_slot = \"1483193768\";\ngoogle_ad_width = 468;\ngoogle_ad_height = 60;\n\/\/-->\n<\/script><br \/>\n<script type=\"text\/javascript\"\nsrc=\"http:\/\/pagead2.googlesyndication.com\/pagead\/show_ads.js\">\n<\/script><br \/>\nHoy en el rinc\u00f3n de Saray , os contamos una leyenda urbana de las muchas que corren por el mundo . Una t\u00edpica y divertida fiesta de pijamas puede terminar siendo algo muy distinto tras empezar una terrible tormenta. Al d\u00eda siguiente tras pasar la tormenta , tras despertarse y bajar a desayunar , descubren algo aterrador.<\/p>\n<p><iframe loading=\"lazy\" title=\"Leyendas Urbanas I : Fiesta de pijamas\" width=\"747\" height=\"420\" src=\"https:\/\/www.youtube.com\/embed\/gl9U4MB81lk?feature=oembed\" frameborder=\"0\" allow=\"accelerometer; autoplay; encrypted-media; gyroscope; picture-in-picture\" allowfullscreen><\/iframe><\/p>\n<p>Television Alternativa Servicios Audiovisuales y de Producci\u00f3n<br \/>\n-Web: http:\/\/www.televisionalternativa.com<br \/>\n-FACEBOOK: https:\/\/www.facebook.com\/TelevisionAlternativ\/<br \/>\n-Twitter: https:\/\/twitter.com\/televisionalter<br \/>\n-INSTAGRAM: https:\/\/www.instagram.com\/televisionalternativ\/<br \/>\n-Youtube: https:\/\/www.youtube.com\/televisionalternativ<\/p>\n","protected":false},"excerpt":{"rendered":"Hoy en el rinc\u00f3n de Saray , os contamos una leyenda urbana de las muchas que corren por el mundo . Una t\u00edpica \n<a class=\"moretag\" href=\"https:\/\/www.televisionalternativa.es\/000\/?p=7294\"> [...]<\/a>","protected":false},"author":14,"featured_media":7295,"comment_status":"closed","ping_status":"closed","sticky":false,"template":"","format":"standard","meta":{"footnotes":""},"categories":[3],"tags":[1449,195,191,1442],"class_list":["post-7294","post","type-post","status-publish","format-standard","has-post-thumbnail","hentry","category-blog","tag-historias-leyendas","tag-miedo","tag-terror","tag-urbanas"],"_links":{"self":[{"href":"https:\/\/www.televisionalternativa.es\/000\/index.php?rest_route=\/wp\/v2\/posts\/7294","targetHints":{"allow":["GET"]}}],"collection":[{"href":"https:\/\/www.televisionalternativa.es\/000\/index.php?rest_route=\/wp\/v2\/posts"}],"about":[{"href":"https:\/\/www.televisionalternativa.es\/000\/index.php?rest_route=\/wp\/v2\/types\/post"}],"author":[{"embeddable":true,"href":"https:\/\/www.televisionalternativa.es\/000\/index.php?rest_route=\/wp\/v2\/users\/14"}],"replies":[{"embeddable":true,"href":"https:\/\/www.televisionalternativa.es\/000\/index.php?rest_route=%2Fwp%2Fv2%2Fcomments&post=7294"}],"version-history":[{"count":4,"href":"https:\/\/www.televisionalternativa.es\/000\/index.php?rest_route=\/wp\/v2\/posts\/7294\/revisions"}],"predecessor-version":[{"id":7299,"href":"https:\/\/www.televisionalternativa.es\/000\/index.php?rest_route=\/wp\/v2\/posts\/7294\/revisions\/7299"}],"wp:featuredmedia":[{"embeddable":true,"href":"https:\/\/www.televisionalternativa.es\/000\/index.php?rest_route=\/wp\/v2\/media\/7295"}],"wp:attachment":[{"href":"https:\/\/www.televisionalternativa.es\/000\/index.php?rest_route=%2Fwp%2Fv2%2Fmedia&parent=7294"}],"wp:term":[{"taxonomy":"category","embeddable":true,"href":"https:\/\/www.televisionalternativa.es\/000\/index.php?rest_route=%2Fwp%2Fv2%2Fcategories&post=7294"},{"taxonomy":"post_tag","embeddable":true,"href":"https:\/\/www.televisionalternativa.es\/000\/index.php?rest_route=%2Fwp%2Fv2%2Ftags&post=7294"}],"curies":[{"name":"wp","href":"https:\/\/api.w.org\/{rel}","templated":true}]}}