{"id":7277,"date":"2018-03-20T00:47:30","date_gmt":"2018-03-20T00:47:30","guid":{"rendered":"http:\/\/www.televisionalternativa.es\/000\/?p=7277"},"modified":"2020-05-17T21:36:23","modified_gmt":"2020-05-17T21:36:23","slug":"leyendas-urbanas-proximamente-en-television-alternativa","status":"publish","type":"post","link":"https:\/\/www.televisionalternativa.es\/000\/?p=7277","title":{"rendered":"Leyendas urbanas proximamente en Television Alternativa"},"content":{"rendered":"<p><script type=\"text\/javascript\"><!--\ngoogle_ad_client = \"ca-pub-9550527709244125\";\n\/* 468x60, creado 4\/11\/08 *\/\ngoogle_ad_slot = \"1483193768\";\ngoogle_ad_width = 468;\ngoogle_ad_height = 60;\n\/\/-->\n<\/script><br \/>\n<script type=\"text\/javascript\"\nsrc=\"http:\/\/pagead2.googlesyndication.com\/pagead\/show_ads.js\">\n<\/script> <\/p>\n<p>Nuestra compa\u00f1era Saray est\u00e1 preparando el nuevo programa  para televisi\u00f3n Alternativa en el cual nos contar\u00e1 una interesante historia sobre las leyendas urbanas m\u00e1s impactantes. Como adelanto nos cuenta que va a hablar de la leyenda de ver\u00f3nica y el espejo.<\/p>\n<p><iframe loading=\"lazy\" title=\"Leyendas urbanas pr\u00f3ximamente en Television Alternativa\" width=\"747\" height=\"420\" src=\"https:\/\/www.youtube.com\/embed\/o_qZMHeNoX8?feature=oembed\" frameborder=\"0\" allow=\"accelerometer; autoplay; encrypted-media; gyroscope; picture-in-picture\" allowfullscreen><\/iframe><\/p>\n<p>Television Alternativa Servicios Audiovisuales y de Producci\u00f3n<br \/>\n-Web: http:\/\/www.televisionalternativa.com<br \/>\n-FACEBOOK: https:\/\/www.facebook.com\/TelevisionAlternativ\/<br \/>\n-Twitter: https:\/\/twitter.com\/televisionalter<br \/>\n-INSTAGRAM: https:\/\/www.instagram.com\/televisionalternativ\/<br \/>\n-Youtube: https:\/\/www.youtube.com\/televisionalternativ<\/p>\n","protected":false},"excerpt":{"rendered":"Nuestra compa\u00f1era Saray est\u00e1 preparando el nuevo programa para televisi\u00f3n Alternativa en el cual nos contar\u00e1 una interesante historia sobre las leyendas urbanas \n<a class=\"moretag\" href=\"https:\/\/www.televisionalternativa.es\/000\/?p=7277\"> [...]<\/a>","protected":false},"author":14,"featured_media":7279,"comment_status":"closed","ping_status":"closed","sticky":false,"template":"","format":"standard","meta":{"footnotes":""},"categories":[3,705],"tags":[606,689,1442],"class_list":["post-7277","post","type-post","status-publish","format-standard","has-post-thumbnail","hentry","category-blog","category-cultura","tag-historias","tag-leyendas","tag-urbanas"],"_links":{"self":[{"href":"https:\/\/www.televisionalternativa.es\/000\/index.php?rest_route=\/wp\/v2\/posts\/7277","targetHints":{"allow":["GET"]}}],"collection":[{"href":"https:\/\/www.televisionalternativa.es\/000\/index.php?rest_route=\/wp\/v2\/posts"}],"about":[{"href":"https:\/\/www.televisionalternativa.es\/000\/index.php?rest_route=\/wp\/v2\/types\/post"}],"author":[{"embeddable":true,"href":"https:\/\/www.televisionalternativa.es\/000\/index.php?rest_route=\/wp\/v2\/users\/14"}],"replies":[{"embeddable":true,"href":"https:\/\/www.televisionalternativa.es\/000\/index.php?rest_route=%2Fwp%2Fv2%2Fcomments&post=7277"}],"version-history":[{"count":1,"href":"https:\/\/www.televisionalternativa.es\/000\/index.php?rest_route=\/wp\/v2\/posts\/7277\/revisions"}],"predecessor-version":[{"id":7280,"href":"https:\/\/www.televisionalternativa.es\/000\/index.php?rest_route=\/wp\/v2\/posts\/7277\/revisions\/7280"}],"wp:featuredmedia":[{"embeddable":true,"href":"https:\/\/www.televisionalternativa.es\/000\/index.php?rest_route=\/wp\/v2\/media\/7279"}],"wp:attachment":[{"href":"https:\/\/www.televisionalternativa.es\/000\/index.php?rest_route=%2Fwp%2Fv2%2Fmedia&parent=7277"}],"wp:term":[{"taxonomy":"category","embeddable":true,"href":"https:\/\/www.televisionalternativa.es\/000\/index.php?rest_route=%2Fwp%2Fv2%2Fcategories&post=7277"},{"taxonomy":"post_tag","embeddable":true,"href":"https:\/\/www.televisionalternativa.es\/000\/index.php?rest_route=%2Fwp%2Fv2%2Ftags&post=7277"}],"curies":[{"name":"wp","href":"https:\/\/api.w.org\/{rel}","templated":true}]}}