{"id":7182,"date":"2017-07-03T08:07:45","date_gmt":"2017-07-03T08:07:45","guid":{"rendered":"http:\/\/www.televisionalternativa.es\/000\/?p=7182"},"modified":"2020-05-17T21:36:25","modified_gmt":"2020-05-17T21:36:25","slug":"mulafest-en-directo-desde-la-zona-garaje","status":"publish","type":"post","link":"https:\/\/www.televisionalternativa.es\/000\/?p=7182","title":{"rendered":"Mulafest en directo desde la zona garaje"},"content":{"rendered":"<p><script type=\"text\/javascript\"><!--\ngoogle_ad_client = \"ca-pub-9550527709244125\";\n\/* 468x60, creado 4\/11\/08 *\/\ngoogle_ad_slot = \"1483193768\";\ngoogle_ad_width = 468;\ngoogle_ad_height = 60;\n\/\/-->\n<\/script><br \/>\n<script type=\"text\/javascript\"\nsrc=\"http:\/\/pagead2.googlesyndication.com\/pagead\/show_ads.js\">\n<\/script> <\/p>\n<p>Pas\u00e1bamos por ah\u00ed y con el calor que hace , al c\u00e1mara se le ocurri\u00f3 probar la resoluci\u00f3n de grabaci\u00f3n de la c\u00e1mara de su nuevo Samsung S8&#8230;para la mala iluminaci\u00f3n amarillenta  y fea que hay siempre en los eventos de Ifema que no ponen focos propios en un TRUSS , el resultado es m\u00e1s que aceptable , \u00bfno opinais lo mismo?<\/p>\n<p><iframe loading=\"lazy\" title=\"Mulafest en directo desde la zona garaje\" width=\"747\" height=\"420\" src=\"https:\/\/www.youtube.com\/embed\/j7b__jzKJUo?feature=oembed\" frameborder=\"0\" allow=\"accelerometer; autoplay; encrypted-media; gyroscope; picture-in-picture\" allowfullscreen><\/iframe><\/p>\n<p>De nuestro paseo por Mulafest , sin duda nos quedamos con el arte alternativo , que nos llam\u00f3 mucho la atenci\u00f3n , lo suficiente como para dedicarle un video a lo que m\u00e1s nos gust\u00f3.<\/p>\n<p><iframe loading=\"lazy\" title=\"Arte Alternativo en Mulafest 2017 #mula2017\" width=\"747\" height=\"420\" src=\"https:\/\/www.youtube.com\/embed\/gKp95tLQ1ZE?feature=oembed\" frameborder=\"0\" allow=\"accelerometer; autoplay; encrypted-media; gyroscope; picture-in-picture\" allowfullscreen><\/iframe><\/p>\n<p>Television Alternativa Servicios Audiovisuales y de Producci\u00f3n<br \/>\n-Web: http:\/\/www.televisionalternativa.com<br \/>\n-FACEBOOK: https:\/\/www.facebook.com\/TelevisionAlternativ\/<br \/>\n-Twitter: https:\/\/twitter.com\/televisionalter<br \/>\n-INSTAGRAM: https:\/\/www.instagram.com\/televisionalternativ\/<br \/>\n-Youtube: https:\/\/www.youtube.com\/televisionalternativ<\/p>\n","protected":false},"excerpt":{"rendered":"Pas\u00e1bamos por ah\u00ed y con el calor que hace , al c\u00e1mara se le ocurri\u00f3 probar la resoluci\u00f3n de grabaci\u00f3n de la c\u00e1mara \n<a class=\"moretag\" href=\"https:\/\/www.televisionalternativa.es\/000\/?p=7182\"> [...]<\/a>","protected":false},"author":14,"featured_media":7184,"comment_status":"closed","ping_status":"closed","sticky":false,"template":"","format":"standard","meta":{"footnotes":""},"categories":[3,705,257],"tags":[338,890],"class_list":["post-7182","post","type-post","status-publish","format-standard","has-post-thumbnail","hentry","category-blog","category-cultura","category-eventos","tag-motor-3","tag-mulafest"],"_links":{"self":[{"href":"https:\/\/www.televisionalternativa.es\/000\/index.php?rest_route=\/wp\/v2\/posts\/7182","targetHints":{"allow":["GET"]}}],"collection":[{"href":"https:\/\/www.televisionalternativa.es\/000\/index.php?rest_route=\/wp\/v2\/posts"}],"about":[{"href":"https:\/\/www.televisionalternativa.es\/000\/index.php?rest_route=\/wp\/v2\/types\/post"}],"author":[{"embeddable":true,"href":"https:\/\/www.televisionalternativa.es\/000\/index.php?rest_route=\/wp\/v2\/users\/14"}],"replies":[{"embeddable":true,"href":"https:\/\/www.televisionalternativa.es\/000\/index.php?rest_route=%2Fwp%2Fv2%2Fcomments&post=7182"}],"version-history":[{"count":1,"href":"https:\/\/www.televisionalternativa.es\/000\/index.php?rest_route=\/wp\/v2\/posts\/7182\/revisions"}],"predecessor-version":[{"id":7185,"href":"https:\/\/www.televisionalternativa.es\/000\/index.php?rest_route=\/wp\/v2\/posts\/7182\/revisions\/7185"}],"wp:featuredmedia":[{"embeddable":true,"href":"https:\/\/www.televisionalternativa.es\/000\/index.php?rest_route=\/wp\/v2\/media\/7184"}],"wp:attachment":[{"href":"https:\/\/www.televisionalternativa.es\/000\/index.php?rest_route=%2Fwp%2Fv2%2Fmedia&parent=7182"}],"wp:term":[{"taxonomy":"category","embeddable":true,"href":"https:\/\/www.televisionalternativa.es\/000\/index.php?rest_route=%2Fwp%2Fv2%2Fcategories&post=7182"},{"taxonomy":"post_tag","embeddable":true,"href":"https:\/\/www.televisionalternativa.es\/000\/index.php?rest_route=%2Fwp%2Fv2%2Ftags&post=7182"}],"curies":[{"name":"wp","href":"https:\/\/api.w.org\/{rel}","templated":true}]}}