{"id":7174,"date":"2017-06-21T07:53:38","date_gmt":"2017-06-21T07:53:38","guid":{"rendered":"http:\/\/www.televisionalternativa.es\/000\/?p=7174"},"modified":"2020-05-17T21:36:26","modified_gmt":"2020-05-17T21:36:26","slug":"certamen-jovenes-disenadores-comunidad-de-madrid-2017","status":"publish","type":"post","link":"https:\/\/www.televisionalternativa.es\/000\/?p=7174","title":{"rendered":"Certamen j\u00f3venes dise\u00f1adores comunidad de Madrid 2017"},"content":{"rendered":"<p><script type=\"text\/javascript\"><!--\ngoogle_ad_client = \"ca-pub-9550527709244125\";\n\/* 468x60, creado 4\/11\/08 *\/\ngoogle_ad_slot = \"1483193768\";\ngoogle_ad_width = 468;\ngoogle_ad_height = 60;\n\/\/-->\n<\/script><br \/>\n<script type=\"text\/javascript\"\nsrc=\"http:\/\/pagead2.googlesyndication.com\/pagead\/show_ads.js\">\n<\/script> <\/p>\n<p>La Asociaci\u00f3n de J\u00f3venes y Nuevos Dise\u00f1adores Espa\u00f1oles, es una entidad sin \u00e1nimo de lucro, cuya finalidad es la promoci\u00f3n y divulgaci\u00f3n del trabajo de los nuevos talentos de la moda de Espa\u00f1a, que celebr\u00f3 la edici\u00f3n de Madrid en el palacio de Cibeles , el d\u00eda 21 de Junio.<\/p>\n<p><iframe loading=\"lazy\" title=\"Certamen j\u00f3venes dise\u00f1adores comunidad de Madrid 2017\" width=\"747\" height=\"420\" src=\"https:\/\/www.youtube.com\/embed\/4Q3J0fT_EOA?feature=oembed\" frameborder=\"0\" allow=\"accelerometer; autoplay; encrypted-media; gyroscope; picture-in-picture\" allowfullscreen><\/iframe><\/p>\n<p>Dise\u00f1adores por orden de participaci\u00f3n:<br \/>\nANTONIO GARCIA<br \/>\nBIBIANA CABELLO<br \/>\nDIANA DEL POZO<br \/>\nMARIA GONZALEZ VALLES<br \/>\nMARIA MATELLANO<br \/>\nOLGA PEREIRA<br \/>\nPILAR ALONSO<br \/>\nPILAR TEJADA<br \/>\nSARAY DEL SAZ<br \/>\nSILVIA MIGUEL<\/p>\n<p>http:\/\/www.televisionalternativa.com<br \/>\nTelevision Alternativa Servicios Audiovisuales y de Producci\u00f3n<\/p>\n","protected":false},"excerpt":{"rendered":"La Asociaci\u00f3n de J\u00f3venes y Nuevos Dise\u00f1adores Espa\u00f1oles, es una entidad sin \u00e1nimo de lucro, cuya finalidad es la promoci\u00f3n y divulgaci\u00f3n del \n<a class=\"moretag\" href=\"https:\/\/www.televisionalternativa.es\/000\/?p=7174\"> [...]<\/a>","protected":false},"author":14,"featured_media":7175,"comment_status":"closed","ping_status":"closed","sticky":false,"template":"","format":"standard","meta":{"footnotes":""},"categories":[3,79],"tags":[1001,1412,81,1041],"class_list":["post-7174","post","type-post","status-publish","format-standard","has-post-thumbnail","hentry","category-blog","category-moda","tag-desfile","tag-disenos","tag-fashion","tag-moda"],"_links":{"self":[{"href":"https:\/\/www.televisionalternativa.es\/000\/index.php?rest_route=\/wp\/v2\/posts\/7174","targetHints":{"allow":["GET"]}}],"collection":[{"href":"https:\/\/www.televisionalternativa.es\/000\/index.php?rest_route=\/wp\/v2\/posts"}],"about":[{"href":"https:\/\/www.televisionalternativa.es\/000\/index.php?rest_route=\/wp\/v2\/types\/post"}],"author":[{"embeddable":true,"href":"https:\/\/www.televisionalternativa.es\/000\/index.php?rest_route=\/wp\/v2\/users\/14"}],"replies":[{"embeddable":true,"href":"https:\/\/www.televisionalternativa.es\/000\/index.php?rest_route=%2Fwp%2Fv2%2Fcomments&post=7174"}],"version-history":[{"count":1,"href":"https:\/\/www.televisionalternativa.es\/000\/index.php?rest_route=\/wp\/v2\/posts\/7174\/revisions"}],"predecessor-version":[{"id":7176,"href":"https:\/\/www.televisionalternativa.es\/000\/index.php?rest_route=\/wp\/v2\/posts\/7174\/revisions\/7176"}],"wp:featuredmedia":[{"embeddable":true,"href":"https:\/\/www.televisionalternativa.es\/000\/index.php?rest_route=\/wp\/v2\/media\/7175"}],"wp:attachment":[{"href":"https:\/\/www.televisionalternativa.es\/000\/index.php?rest_route=%2Fwp%2Fv2%2Fmedia&parent=7174"}],"wp:term":[{"taxonomy":"category","embeddable":true,"href":"https:\/\/www.televisionalternativa.es\/000\/index.php?rest_route=%2Fwp%2Fv2%2Fcategories&post=7174"},{"taxonomy":"post_tag","embeddable":true,"href":"https:\/\/www.televisionalternativa.es\/000\/index.php?rest_route=%2Fwp%2Fv2%2Ftags&post=7174"}],"curies":[{"name":"wp","href":"https:\/\/api.w.org\/{rel}","templated":true}]}}