{"id":7111,"date":"2017-03-09T19:14:59","date_gmt":"2017-03-09T19:14:59","guid":{"rendered":"http:\/\/www.televisionalternativa.es\/000\/?p=7111"},"modified":"2020-05-17T21:36:26","modified_gmt":"2020-05-17T21:36:26","slug":"igualdad-y-respeto-dia-internacional-de-la-mujer-manifestacion-en-madrid","status":"publish","type":"post","link":"https:\/\/www.televisionalternativa.es\/000\/?p=7111","title":{"rendered":"Igualdad y respeto D\u00eda Internacional de la Mujer manifestaci\u00f3n en Madrid"},"content":{"rendered":"<p><script type=\"text\/javascript\"><!--\ngoogle_ad_client = \"ca-pub-9550527709244125\";\n\/* 468x60, creado 4\/11\/08 *\/\ngoogle_ad_slot = \"1483193768\";\ngoogle_ad_width = 468;\ngoogle_ad_height = 60;\n\/\/-->\n<\/script><br \/>\n<script type=\"text\/javascript\"\nsrc=\"http:\/\/pagead2.googlesyndication.com\/pagead\/show_ads.js\">\n<\/script><br \/>\nLas manifestaciones del D\u00eda Internacional de la Mujer han llevado a las calles a miles de personas en ciudades como Madrid, Barcelona, Bilbao, Valencia o Santiago de Compostela en una gran exhibici\u00f3n de fuerza del movimiento feminista. <\/p>\n<p><object width=\"640\" height=\"360\" classid=\"clsid:d27cdb6e-ae6d-11cf-96b8-444553540000\" codebase=\"http:\/\/download.macromedia.com\/pub\/shockwave\/cabs\/flash\/swflash.cab#version=6,0,40,0\"><param name=\"allowFullScreen\" value=\"true\" \/><param name=\"allowscriptaccess\" value=\"always\" \/><param name=\"src\" value=\"http:\/\/www.youtube.com\/v\/rZm6ezdgaJc&amp;autoplay=1?version=3&amp;hl=es_ES\" \/><param name=\"allowfullscreen\" value=\"true\" \/><embed width=\"640\" height=\"360\" type=\"application\/x-shockwave-flash\" src=\"http:\/\/www.youtube.com\/v\/rZm6ezdgaJc&amp;autoplay=1?version=3&amp;hl=es_ES\" allowfullscreen=\"allowfullscreen\" allowscriptaccess=\"always\" allowfullscreen=\"allowfullscreen\" \/><\/object><\/p>\n<p>En la capital madrile\u00f1a, la manifestaci\u00f3n para reivindicar los derechos de las mujeres ha sido multitudinaria. Al t\u00e9rmino de la protesta en la Plaza de Espa\u00f1a, las convocantes han indicado que algunas personas todav\u00eda no hab\u00edan salido de la plaza de Cibeles, desde donde hab\u00eda partido la cabecera dos horas antes. La marcha, que ha transcurrido en un clima de fuerte reivindicaci\u00f3n y en un ambiente festivo, ha acabado con el baile del \u2018Merengue feminista\u2019 y al grito de: \u00a1Que viva la lucha de las mujeres!.<\/p>\n<p>https:\/\/www.youtube.com\/watch?v=UM97jiXkTaA<\/p>\n<p> Las organizadoras han le\u00eddo un manifiesto en el que ha indicado que 55 pa\u00edses se han sumado al paro convocado en todo el mundo y han condenado los ataques contra los derechos de las mujeres en pa\u00edses como Estados Unidos, Polonia, Argentina o Rusia. \u201cNos unimos al paro internacional contra el heteropatriarcado, no tenemos miedo, nos organizamos\u201d.<\/p>\n<p> En lo referido a Espa\u00f1a, han criticado que \u201cno existen leyes que consigan erradicar la violencia contra la mujer\u201d y han anunciado que van a poner fin \u201cno solo a la la violencia f\u00edsica, sino a la violencia simb\u00f3lica\u201d. Adem\u00e1s, han denunciado la homofobia y la transfobia y tambi\u00e9n la situaci\u00f3n de las mujeres refugiadas, mientras que han exigido una educaci\u00f3n  libre de \u201cestereotipos patriarcales y normativos, sin miedos ni complejos\u201d o han reclamado \u201cderechos reproductivos\u201d. <\/p>\n<p>Por \u00faltimo, han manifestado su solidaridad con las mujeres de la asociaci\u00f3n Ve-La Luz y otras compa\u00f1eras feministas que han permanecido en huelga en la Puerta del Sol desde el pasado 9 de febrero hasta el d\u00eda de ayer.<\/p>\n<p>Una producci\u00f3n de Television Alternativa Servicios Audiovisuales y de Producci\u00f3n.<br \/>\nhttps:\/\/www.youtube.com\/televisionalternativ<br \/>\nhttp:\/\/www.dailymotion.com\/televisionalternativ<br \/>\nhttps:\/\/www.facebook.com\/televisionalternativa\/<br \/>\n<a class=\"twitter-timeline\" data-width=\"747\" data-height=\"1000\" data-dnt=\"true\" href=\"https:\/\/twitter.com\/televisionalter?ref_src=twsrc%5Etfw\">Tweets by televisionalter<\/a><script async src=\"https:\/\/platform.twitter.com\/widgets.js\" charset=\"utf-8\"><\/script><br \/>\nhttps:\/\/www.instagram.com\/televisionalternativ\/<br \/>\nTelevision Alternativa Servicios Audiovisuales y de Producci\u00f3n<\/p>\n","protected":false},"excerpt":{"rendered":"Las manifestaciones del D\u00eda Internacional de la Mujer han llevado a las calles a miles de personas en ciudades como Madrid, Barcelona, Bilbao, \n<a class=\"moretag\" href=\"https:\/\/www.televisionalternativa.es\/000\/?p=7111\"> [...]<\/a>","protected":false},"author":14,"featured_media":7112,"comment_status":"closed","ping_status":"closed","sticky":false,"template":"","format":"standard","meta":{"footnotes":""},"categories":[3,75],"tags":[1404,1406,1405],"class_list":["post-7111","post","type-post","status-publish","format-standard","has-post-thumbnail","hentry","category-blog","category-ntc","tag-dia-internacional-de-la-mujer","tag-feminismo","tag-feministas"],"_links":{"self":[{"href":"https:\/\/www.televisionalternativa.es\/000\/index.php?rest_route=\/wp\/v2\/posts\/7111","targetHints":{"allow":["GET"]}}],"collection":[{"href":"https:\/\/www.televisionalternativa.es\/000\/index.php?rest_route=\/wp\/v2\/posts"}],"about":[{"href":"https:\/\/www.televisionalternativa.es\/000\/index.php?rest_route=\/wp\/v2\/types\/post"}],"author":[{"embeddable":true,"href":"https:\/\/www.televisionalternativa.es\/000\/index.php?rest_route=\/wp\/v2\/users\/14"}],"replies":[{"embeddable":true,"href":"https:\/\/www.televisionalternativa.es\/000\/index.php?rest_route=%2Fwp%2Fv2%2Fcomments&post=7111"}],"version-history":[{"count":2,"href":"https:\/\/www.televisionalternativa.es\/000\/index.php?rest_route=\/wp\/v2\/posts\/7111\/revisions"}],"predecessor-version":[{"id":7114,"href":"https:\/\/www.televisionalternativa.es\/000\/index.php?rest_route=\/wp\/v2\/posts\/7111\/revisions\/7114"}],"wp:featuredmedia":[{"embeddable":true,"href":"https:\/\/www.televisionalternativa.es\/000\/index.php?rest_route=\/wp\/v2\/media\/7112"}],"wp:attachment":[{"href":"https:\/\/www.televisionalternativa.es\/000\/index.php?rest_route=%2Fwp%2Fv2%2Fmedia&parent=7111"}],"wp:term":[{"taxonomy":"category","embeddable":true,"href":"https:\/\/www.televisionalternativa.es\/000\/index.php?rest_route=%2Fwp%2Fv2%2Fcategories&post=7111"},{"taxonomy":"post_tag","embeddable":true,"href":"https:\/\/www.televisionalternativa.es\/000\/index.php?rest_route=%2Fwp%2Fv2%2Ftags&post=7111"}],"curies":[{"name":"wp","href":"https:\/\/api.w.org\/{rel}","templated":true}]}}