{"id":7034,"date":"2017-01-30T23:38:46","date_gmt":"2017-01-30T23:38:46","guid":{"rendered":"http:\/\/www.televisionalternativa.es\/000\/?p=7034"},"modified":"2020-05-17T21:36:28","modified_gmt":"2020-05-17T21:36:28","slug":"invitados-a-la-japan-weekend","status":"publish","type":"post","link":"https:\/\/www.televisionalternativa.es\/000\/?p=7034","title":{"rendered":"Invitados a la Japan weekend Madrid 2017"},"content":{"rendered":"<p><script type=\"text\/javascript\"><!-- google_ad_client = \"ca-pub-9550527709244125\"; \/* 468x60, creado 4\/11\/08 *\/ google_ad_slot = \"1483193768\"; google_ad_width = 468; google_ad_height = 60; \/\/-->\n<\/script><br \/>\n<script type=\"text\/javascript\" src=\"http:\/\/pagead2.googlesyndication.com\/pagead\/show_ads.js\">\n<\/script><\/p>\n<p><a href=\"https:\/\/www.televisionalternativa.es\/000\/wp-content\/uploads\/2017\/01\/Nota-de-prensa-Color-Code.jpg\"><img loading=\"lazy\" decoding=\"async\" class=\"alignleft size-full wp-image-7035\" src=\"https:\/\/www.televisionalternativa.es\/000\/wp-content\/uploads\/2017\/01\/Nota-de-prensa-Color-Code.jpg\" alt=\"\" width=\"299\" height=\"299\" srcset=\"https:\/\/www.televisionalternativa.es\/000\/wp-content\/uploads\/2017\/01\/Nota-de-prensa-Color-Code.jpg 299w, https:\/\/www.televisionalternativa.es\/000\/wp-content\/uploads\/2017\/01\/Nota-de-prensa-Color-Code-150x150.jpg 150w\" sizes=\"auto, (max-width: 299px) 100vw, 299px\" \/><\/a><\/p>\n<p>\u00a1COLOR\u2010CODE VISITAR\u00c1 JAPAN WEEKEND MADRID!<\/p>\n<p>El grupo japon\u00e9s surgi\u00f3 de la mente de Nicola, dise\u00f1ador de moda que atrajo la atenci\u00f3n internacional al ayudar a Lady Gaga a convertirse en una estrella. Queriendo descubrir la versi\u00f3n japonesa de ella, desarroll\u00f3 el \u201cPop Icon Proyect Tokyo\u201d, en el que se seleccion\u00f3 a las 3 integrantes que lo componen.<br \/>\nEl nombre del grupo proviene del hilo de caracteres del lenguaje inform\u00e1tico que se usa para expresar colores en las webs, y quiere signi\ufb01car \u201cuna unidad que expresa diferentes colores\u201d,siendo una \u201cunidad universal\u201d.<br \/>\nLa uni\u00f3n de la fantas\u00eda de Nicola con las caracter\u00edsticas individuales de las componentes y la<br \/>\nrealidad de la calle, crea la est\u00e9tica de \u201cestrellas pop de Tokyo\u201d.<\/p>\n<p>Tras su gira europea de 2016, empiezan este a\u00f1o con su primera visita a Espa\u00f1a, en la que dar\u00e1n dos<br \/>\nconciertos durante el Japan Weekend Madrid, los pr\u00f3ximos 11 y 12 de Febrero de 2017. Adem\u00e1s, en su stand tendr\u00e1n sing, y \ufb01rmar\u00e1n a todos los fans que se acerquen a conocerlas.<\/p>\n<p>&nbsp;<\/p>\n<p><a href=\"https:\/\/www.televisionalternativa.es\/000\/wp-content\/uploads\/2017\/01\/Nota-de-prensa-Ladybeard.jpg\"><img loading=\"lazy\" decoding=\"async\" class=\"alignleft size-medium wp-image-7042\" src=\"https:\/\/www.televisionalternativa.es\/000\/wp-content\/uploads\/2017\/01\/Nota-de-prensa-Ladybeard-300x246.jpg\" alt=\"\" width=\"300\" height=\"246\" srcset=\"https:\/\/www.televisionalternativa.es\/000\/wp-content\/uploads\/2017\/01\/Nota-de-prensa-Ladybeard-300x246.jpg 300w, https:\/\/www.televisionalternativa.es\/000\/wp-content\/uploads\/2017\/01\/Nota-de-prensa-Ladybeard.jpg 489w\" sizes=\"auto, (max-width: 300px) 100vw, 300px\" \/><\/a><\/p>\n<p>\u00a1\u00a1JAPAN WEEKEND TRAE POR 1\u00aa VEZ A ESPA\u00d1A A \u201cLADYBEARD\u201d!!<\/p>\n<p>Ladybeard es un artista australiano multidisciplinar (es cantante, cosplayer y luchador), que no<br \/>\ndeja indiferente a nadie.<\/p>\n<p>Su carrera empez\u00f3 en Hong Kong en 2009 en los cuadril\u00e1teros de lucha libre, para pasar en 2010 a<br \/>\nversionar canciones de \u00e9xito con su peculiar estilo, consiguiendo una gran repercusi\u00f3n. Pero es en<br \/>\n2011 cuando se estrena en Jap\u00f3n, triunfando en ciudades como Osaka, Okinawa y Tokyo. Regresa a su Australia natal, y en 2013 se instala \ufb01nalmente en Jap\u00f3n, donde ha cosechado \u00e9xitos tanto en el<br \/>\nwrestling como en el mercado musical (su single \u201cNippon Manju\u201d lleva casi 19 millones de<br \/>\nreproducciones). Ahora, ha iniciado una gira mundial, \u201cKawaii\u2010core World Tour\u201d, con la nos visitar\u00e1<br \/>\nlos pr\u00f3ximos 11 y 12 de Febrero de 2017. Su lema: \u201cCantar, Bailar\u2026 \u00a1\u00a1Destruir!!\u201d \u00bfQuer\u00e9is<br \/>\nconocerle?<br \/>\n\u00a1Os estar\u00e1 esperando!<\/p>\n<p><a href=\"https:\/\/www.televisionalternativa.es\/000\/wp-content\/uploads\/2017\/01\/Nota-prensa-Growhairism.jpg\"><img loading=\"lazy\" decoding=\"async\" class=\"alignleft size-medium wp-image-7045\" src=\"https:\/\/www.televisionalternativa.es\/000\/wp-content\/uploads\/2017\/01\/Nota-prensa-Growhairism-300x197.jpg\" alt=\"\" width=\"300\" height=\"197\" srcset=\"https:\/\/www.televisionalternativa.es\/000\/wp-content\/uploads\/2017\/01\/Nota-prensa-Growhairism-300x197.jpg 300w, https:\/\/www.televisionalternativa.es\/000\/wp-content\/uploads\/2017\/01\/Nota-prensa-Growhairism-768x505.jpg 768w, https:\/\/www.televisionalternativa.es\/000\/wp-content\/uploads\/2017\/01\/Nota-prensa-Growhairism-1024x673.jpg 1024w, https:\/\/www.televisionalternativa.es\/000\/wp-content\/uploads\/2017\/01\/Nota-prensa-Growhairism.jpg 1600w\" sizes=\"auto, (max-width: 300px) 100vw, 300px\" \/><\/a><\/p>\n<p>JAPAN WEEKEND ANUNCIA EL REGRESO A ESPA\u00d1A DE \u201cEL ABUELO COLEGIALA\u201d<\/p>\n<p>Tras su primera visita en Septiembre de 2014, vuelve a Espa\u00f1a para la pr\u00f3xima edici\u00f3n del Japan<br \/>\nWeekend Madrid.<\/p>\n<p>Hideaki Kobayashi, graduado por la Universidad de Waseda, es un gran a\ufb01cionado al mundo del cosplay y del coleccionismo de dolls. Lleva m\u00e1s de una d\u00e9cada fotogra\ufb01ando cosplayers, y desde hace unos a\u00f1os acude a todas las convenciones uniformado con un traje de colegiala japonesa, cosechando un gran n\u00famero de admiradores. Desde su p\u00e1gina de Facebook, \u201cGrowhairism\u201d, difunde sus reportajes y comparte con el mundo su alegr\u00eda y jovialidad.<\/p>\n<p>Podr\u00e9is conocerle y haceros fotos con \u00e9l los pr\u00f3ximos 11 y 12 de Febrero en IFEMA.<\/p>\n<p><a href=\"https:\/\/www.televisionalternativa.es\/000\/wp-content\/uploads\/2017\/01\/Nota-prensa-Seiji-Mizushima.jpg\"><img loading=\"lazy\" decoding=\"async\" class=\"alignleft size-medium wp-image-7050\" src=\"https:\/\/www.televisionalternativa.es\/000\/wp-content\/uploads\/2017\/01\/Nota-prensa-Seiji-Mizushima-300x159.jpg\" alt=\"\" width=\"300\" height=\"159\" srcset=\"https:\/\/www.televisionalternativa.es\/000\/wp-content\/uploads\/2017\/01\/Nota-prensa-Seiji-Mizushima-300x159.jpg 300w, https:\/\/www.televisionalternativa.es\/000\/wp-content\/uploads\/2017\/01\/Nota-prensa-Seiji-Mizushima-768x407.jpg 768w, https:\/\/www.televisionalternativa.es\/000\/wp-content\/uploads\/2017\/01\/Nota-prensa-Seiji-Mizushima-1024x543.jpg 1024w, https:\/\/www.televisionalternativa.es\/000\/wp-content\/uploads\/2017\/01\/Nota-prensa-Seiji-Mizushima.jpg 1600w\" sizes=\"auto, (max-width: 300px) 100vw, 300px\" \/><\/a><\/p>\n<p>&nbsp;<\/p>\n<p>Nos complace anunciar la presencia de Seiji Mizushima como invitado para la pr\u00f3xima edici\u00f3n del Japan Weekend Madrid, los pr\u00f3ximos 11 y 12 de Febrero de 2017 en IFEMA.<\/p>\n<p>Dedicado a la industria del anime desde hace mucho tiempo, el Sr. Mizushima ha trabajado en innumerables producciones con diferentes funciones: como realizador de storyboard en \u201cAppleseed EX MAchina\u201d y en \u201cSlayers NEXT\u201d (emitida en Espa\u00f1a en La2 como \u201cReena y Gaudi\u201d); y como director de \u201cDai\u2010guard\u201d (emi\u17dd\ufffdda en Localia TV), la primera serie de \u201cFull Metal Alchemist\u201d y la pel\u00edcula \u201cF.M.A. Conqueror of Shamballa\u201d, y la obra por la que es m\u00e1s conocido, \u201cMobile Suit Gundam 00\u201d. Fue tambi\u00e9n el encargado de supervisar el baile sincronizado entre Shinji y Asuka en el episodio 9 de \u201cNeon Genesis Evangelion\u201d.<\/p>\n<p>Durante el evento el Sr. Mizushima tendr\u00e1 sesiones de firmas para que los fans puedan llevarse un recuerdo firmado a casa, y dar\u00e1 una conferencia sobre su carrera en el mundo del anime.<\/p>\n<p>&nbsp;<\/p>\n<p><a href=\"https:\/\/www.televisionalternativa.es\/000\/wp-content\/uploads\/2017\/01\/Nota-prensa-Takahiro-Yoshimatsu.jpg\"><img loading=\"lazy\" decoding=\"async\" class=\"alignleft size-medium wp-image-7054\" src=\"https:\/\/www.televisionalternativa.es\/000\/wp-content\/uploads\/2017\/01\/Nota-prensa-Takahiro-Yoshimatsu-300x219.jpg\" alt=\"\" width=\"300\" height=\"219\" srcset=\"https:\/\/www.televisionalternativa.es\/000\/wp-content\/uploads\/2017\/01\/Nota-prensa-Takahiro-Yoshimatsu-300x219.jpg 300w, https:\/\/www.televisionalternativa.es\/000\/wp-content\/uploads\/2017\/01\/Nota-prensa-Takahiro-Yoshimatsu-768x562.jpg 768w, https:\/\/www.televisionalternativa.es\/000\/wp-content\/uploads\/2017\/01\/Nota-prensa-Takahiro-Yoshimatsu.jpg 1023w\" sizes=\"auto, (max-width: 300px) 100vw, 300px\" \/><\/a><\/p>\n<p>Estamos encantados de confirmar la visita de Takahiro Yoshimatsu a la pr\u00f3xima edici\u00f3n del Japan Weekend Madrid, los pr\u00f3ximos 11 y 12 de Febrero de 2017 en IFEMA.<\/p>\n<p>En 1984 empez\u00f3 su carrera en el mundo de la animaci\u00f3n japonesa, y no ha parado desde entonces. Su trabajo principal ha sido como responsabilizarse del dise\u00f1o de personajes (\u201cHunter x Hunter\u201d, \u201cNinja Scroll the series\u201d, \u201cTrigun\u201d, las pel\u00edculas de \u201cSlayers Great\u201d y \u201cSlayers Special\u201d) y de la direcci\u00f3n de la animaci\u00f3n en producciones<br \/>\ncomo \u201cSlayers Return\u201d, \u201cSlayers the Movie\u201d, \u201cBlack Cat\u201d o \u201cDesert Punk\u201d. Tambi\u00e9n ha sido director de la simp\u00e1tica \u201cNyanpire\u201d.<\/p>\n<p>Durante el evento el Sr. Yoshimatsu tendr\u00e1 sesiones de \ufb01rmas para que los fans puedan llevarse un recuerdo \ufb01rmado a casa, y dar\u00e1 una conferencia sobre su carrera en el mundo del anime.<\/p>\n<p>&nbsp;<\/p>\n","protected":false},"excerpt":{"rendered":"\u00a1COLOR\u2010CODE VISITAR\u00c1 JAPAN WEEKEND MADRID! El grupo japon\u00e9s surgi\u00f3 de la mente de Nicola, dise\u00f1ador de moda que atrajo la atenci\u00f3n internacional al \n<a class=\"moretag\" href=\"https:\/\/www.televisionalternativa.es\/000\/?p=7034\"> [...]<\/a>","protected":false},"author":14,"featured_media":0,"comment_status":"closed","ping_status":"open","sticky":false,"template":"","format":"standard","meta":{"footnotes":""},"categories":[3,705,17,257],"tags":[114,403,1168,982,1370,984,402],"class_list":["post-7034","post","type-post","status-publish","format-standard","hentry","category-blog","category-cultura","category-entretenimiento","category-eventos","tag-anime","tag-cosplay","tag-cultura","tag-dance","tag-invitados","tag-japan-weekend","tag-manga"],"_links":{"self":[{"href":"https:\/\/www.televisionalternativa.es\/000\/index.php?rest_route=\/wp\/v2\/posts\/7034","targetHints":{"allow":["GET"]}}],"collection":[{"href":"https:\/\/www.televisionalternativa.es\/000\/index.php?rest_route=\/wp\/v2\/posts"}],"about":[{"href":"https:\/\/www.televisionalternativa.es\/000\/index.php?rest_route=\/wp\/v2\/types\/post"}],"author":[{"embeddable":true,"href":"https:\/\/www.televisionalternativa.es\/000\/index.php?rest_route=\/wp\/v2\/users\/14"}],"replies":[{"embeddable":true,"href":"https:\/\/www.televisionalternativa.es\/000\/index.php?rest_route=%2Fwp%2Fv2%2Fcomments&post=7034"}],"version-history":[{"count":16,"href":"https:\/\/www.televisionalternativa.es\/000\/index.php?rest_route=\/wp\/v2\/posts\/7034\/revisions"}],"predecessor-version":[{"id":7056,"href":"https:\/\/www.televisionalternativa.es\/000\/index.php?rest_route=\/wp\/v2\/posts\/7034\/revisions\/7056"}],"wp:attachment":[{"href":"https:\/\/www.televisionalternativa.es\/000\/index.php?rest_route=%2Fwp%2Fv2%2Fmedia&parent=7034"}],"wp:term":[{"taxonomy":"category","embeddable":true,"href":"https:\/\/www.televisionalternativa.es\/000\/index.php?rest_route=%2Fwp%2Fv2%2Fcategories&post=7034"},{"taxonomy":"post_tag","embeddable":true,"href":"https:\/\/www.televisionalternativa.es\/000\/index.php?rest_route=%2Fwp%2Fv2%2Ftags&post=7034"}],"curies":[{"name":"wp","href":"https:\/\/api.w.org\/{rel}","templated":true}]}}