{"id":7031,"date":"2017-01-30T23:24:55","date_gmt":"2017-01-30T23:24:55","guid":{"rendered":"http:\/\/www.televisionalternativa.es\/000\/?p=7031"},"modified":"2020-05-17T21:36:28","modified_gmt":"2020-05-17T21:36:28","slug":"japan-weekend-madrid-regresa-el-11-y-12-de-febrero-a-ifema-con-25000m2","status":"publish","type":"post","link":"https:\/\/www.televisionalternativa.es\/000\/?p=7031","title":{"rendered":"JAPAN WEEKEND Madrid Regresa el 11 Y 12 DE Febrero a IFEMA con 25000m2"},"content":{"rendered":"<p><script type=\"text\/javascript\"><!--\ngoogle_ad_client = \"ca-pub-9550527709244125\";\n\/* 468x60, creado 4\/11\/08 *\/\ngoogle_ad_slot = \"1483193768\";\ngoogle_ad_width = 468;\ngoogle_ad_height = 60;\n\/\/-->\n<\/script><br \/>\n<script type=\"text\/javascript\"\nsrc=\"http:\/\/pagead2.googlesyndication.com\/pagead\/show_ads.js\">\n<\/script> <\/p>\n<p>Japan Weekend es un evento nacido en 2008, enfocado en dar a conocer diversos aspectos de la<br \/>\ncultura, costumbres y ocio japoneses. Se celebran varias ediciones al a\u00f1o en varios puntos de Espa\u00f1a,<br \/>\nsiendo las m\u00e1s destacadas las de Madrid y Barcelona.<\/p>\n<p>Esta edici\u00f3n que nos ocupa, la XVI, se celebrar\u00e1 en los pabellones 2 y 4 de IFEMA, en los que los<br \/>\nvisitantes tendr\u00e1n a su disposici\u00f3n un gran n\u00famero de actividades y contenidos.<br \/>\nPor primera vez en Espa\u00f1a, contaremos con la presencia del grupo musical ColorCode.<\/p>\n<p>Esta formaci\u00f3n surge del inter\u00e9s del dise\u00f1ador Nicola, colaborador de Lady Gaga, de crear la versi\u00f3n asi\u00e1tica de la artista.<\/p>\n<p>Tras un casting, eligi\u00f3 a las actuales componentes: Nanami, Marisa y Mako. El grupo dar\u00e1 2 conciertos, 1<br \/>\ncada d\u00eda, y firmar\u00e1 aut\u00f3grafos durante el fin de semana en su stand.<br \/>\nY tambi\u00e9n por 1\u00aa vez en nuestro pa\u00eds, viene a Japan Weekend un invitado al que podemos calificar como<br \/>\n\u201cpolifac\u00e9tico\u201d: Ladybeard. Este australiano se ha hecho famoso en el mundo entero por haber sabido<br \/>\ncombinar su masculinidad con la est\u00e9tica japonesa m\u00e1s \u201cmoe\u201d. Cosplayer, cantante y practicante de lucha<br \/>\nlibre profesional, est\u00e1 embarcado en su gira mundial \u201cSing, dance&#8230;Destroy\u201d, y dar\u00e1 un concierto el<br \/>\ns\u00e1bado 11 por la tarde.<\/p>\n<p>Quien s\u00ed repite visita es Hideaki Kobayashi, m\u00e1s conocido como \u201cAbuelo Colegiala\u201d. Tras su visita de<br \/>\n2014, y encantado con el trato que le dieron los fans espa\u00f1oles, el Abuelo Colegiala regresa a Espa\u00f1a<br \/>\ndispuesto a sorprender a propios y extra\u00f1os, y a repartir buen humor y alegr\u00eda.<br \/>\nEn esta edici\u00f3n, y en colaboraci\u00f3n con la distribuidora Selecta Visi\u00f3n, contaremos con la presencia de dos<br \/>\ninvitados japoneses de lujo: los se\u00f1ores Seiji Mizushima y Takahiro Yoshimatsu. AMbos llevan largos a\u00f1os<br \/>\nen el mundo de la animaci\u00f3n, Mizushima como director y realizador de storyboards en series como<br \/>\nSlayers NEXT o Mobiel Suit Gundam 00, y Yoshimatsu como director de animaci\u00f3n de las pel\u00edculas de<br \/>\nSlayers o responsable del dise\u00f1o de personajes en Trigun. Ambos tendr\u00e1n sesiones de firmas y dar\u00e1n una<br \/>\nconferencia sobre su experiencia dentro de la animaci\u00f3n japones.<\/p>\n<p>En cuanto al cosplay, el cual siempre tiene una presencia destacada en el evento, celebraremos varios<br \/>\nconcursos durante el fin de semana, como son la Yamato Cosplay Cup (cuyo ganador representar\u00e1 a<br \/>\nEspa\u00f1a en la final en Brasil), el Eurocosplay (el ganador o ganadora representar\u00e1 a Espa\u00f1a en la final<br \/>\nde Londres), y la novedad desde este a\u00f1o, la International Cosplay League , cuya final internacional<br \/>\ntendr\u00e1 lugar en la edici\u00f3n del evento de Septiembre. Junto con estos concursos de renombre, se celebrar\u00e1<br \/>\ntambi\u00e9n un concurso de cosplay infantil y una pasarela cosplay. Y como no podr\u00eda ser menos, para apoyar<br \/>\nla celebraci\u00f3n de estos concursos, nos acompa\u00f1ar\u00e1n cosplayers de renombre internacional como Shoko &#038;<br \/>\nJ\u00e9r\u00f4me (venidos desde Francia), Rei &#038; Ryoko Demon y Gesha Petrovich (cosplayers rusas), as\u00ed como los<br \/>\nfot\u00f3grafos rusos Kifir y PredatoR, que cubrir\u00e1n cada uno de los concursos de cosplay que se celebran.<br \/>\nY todo esto, sin contar las actividades y talleres, torneos de videojuegos, juegos de mesa, iniciaciones al<br \/>\njapon\u00e9s, caligraf\u00eda, etc, que habr\u00e1 durante todo el fin de semana. Para estar al tanto de \u00e9stas actividades,<br \/>\nlo mejor es consultar el horario online, ya que se actualiza constantemente:<br \/>\nhttps:\/\/xvijapanweekendmadrid2017.sched.com\/<\/p>\n<p>Para m\u00e1s informaci\u00f3n, pueden acudir a la web del evento: http:\/\/japanweekend.com\/madrid\/ , o a las<br \/>\ndiferentes redes sociales: Facebook ( https:\/\/www.facebook.com\/JapanWeekendMadrid\/ ) y Twitter<br \/>\n(https:\/\/twitter.com\/Japan_Weekend).<\/p>\n<p>Esperamos que los asistentes al evento disfruten de todo lo que les tienen preparado.<\/p>\n","protected":false},"excerpt":{"rendered":"Japan Weekend es un evento nacido en 2008, enfocado en dar a conocer diversos aspectos de la cultura, costumbres y ocio japoneses. Se \n<a class=\"moretag\" href=\"https:\/\/www.televisionalternativa.es\/000\/?p=7031\"> [...]<\/a>","protected":false},"author":14,"featured_media":7032,"comment_status":"closed","ping_status":"closed","sticky":false,"template":"","format":"standard","meta":{"footnotes":""},"categories":[3,705,17,257],"tags":[114,403,1168,982,984,82,402],"class_list":["post-7031","post","type-post","status-publish","format-standard","has-post-thumbnail","hentry","category-blog","category-cultura","category-entretenimiento","category-eventos","tag-anime","tag-cosplay","tag-cultura","tag-dance","tag-japan-weekend","tag-madrid","tag-manga"],"_links":{"self":[{"href":"https:\/\/www.televisionalternativa.es\/000\/index.php?rest_route=\/wp\/v2\/posts\/7031","targetHints":{"allow":["GET"]}}],"collection":[{"href":"https:\/\/www.televisionalternativa.es\/000\/index.php?rest_route=\/wp\/v2\/posts"}],"about":[{"href":"https:\/\/www.televisionalternativa.es\/000\/index.php?rest_route=\/wp\/v2\/types\/post"}],"author":[{"embeddable":true,"href":"https:\/\/www.televisionalternativa.es\/000\/index.php?rest_route=\/wp\/v2\/users\/14"}],"replies":[{"embeddable":true,"href":"https:\/\/www.televisionalternativa.es\/000\/index.php?rest_route=%2Fwp%2Fv2%2Fcomments&post=7031"}],"version-history":[{"count":1,"href":"https:\/\/www.televisionalternativa.es\/000\/index.php?rest_route=\/wp\/v2\/posts\/7031\/revisions"}],"predecessor-version":[{"id":7033,"href":"https:\/\/www.televisionalternativa.es\/000\/index.php?rest_route=\/wp\/v2\/posts\/7031\/revisions\/7033"}],"wp:featuredmedia":[{"embeddable":true,"href":"https:\/\/www.televisionalternativa.es\/000\/index.php?rest_route=\/wp\/v2\/media\/7032"}],"wp:attachment":[{"href":"https:\/\/www.televisionalternativa.es\/000\/index.php?rest_route=%2Fwp%2Fv2%2Fmedia&parent=7031"}],"wp:term":[{"taxonomy":"category","embeddable":true,"href":"https:\/\/www.televisionalternativa.es\/000\/index.php?rest_route=%2Fwp%2Fv2%2Fcategories&post=7031"},{"taxonomy":"post_tag","embeddable":true,"href":"https:\/\/www.televisionalternativa.es\/000\/index.php?rest_route=%2Fwp%2Fv2%2Ftags&post=7031"}],"curies":[{"name":"wp","href":"https:\/\/api.w.org\/{rel}","templated":true}]}}