{"id":7000,"date":"2017-01-18T13:12:58","date_gmt":"2017-01-18T13:12:58","guid":{"rendered":"http:\/\/www.televisionalternativa.es\/000\/?p=7000"},"modified":"2020-05-17T21:36:28","modified_gmt":"2020-05-17T21:36:28","slug":"hacen-chantaje-a-una-chica-por-tontear-por-chats-con-webcam","status":"publish","type":"post","link":"https:\/\/www.televisionalternativa.es\/000\/?p=7000","title":{"rendered":"Hacen chantaje a una chica por tontear por chats con webcam."},"content":{"rendered":"<p><script type=\"text\/javascript\"><!--\ngoogle_ad_client = \"ca-pub-9550527709244125\";\n\/* 468x60, creado 4\/11\/08 *\/\ngoogle_ad_slot = \"1483193768\";\ngoogle_ad_width = 468;\ngoogle_ad_height = 60;\n\/\/-->\n<\/script><br \/>\n<script type=\"text\/javascript\"\nsrc=\"http:\/\/pagead2.googlesyndication.com\/pagead\/show_ads.js\">\n<\/script> <\/p>\n<p>Una chica de 15 a\u00f1os nos cuenta como est\u00e1 sufriendo ciberbullying, a ra\u00edz de que un tipo la grab\u00f3 con apenas 12 a\u00f1os,  cuando tonteaba por la webcam, hasta que cometi\u00f3 el error de mostrarse<\/p>\n<p><object width=\"640\" height=\"360\" classid=\"clsid:d27cdb6e-ae6d-11cf-96b8-444553540000\" codebase=\"http:\/\/download.macromedia.com\/pub\/shockwave\/cabs\/flash\/swflash.cab#version=6,0,40,0\"><param name=\"allowFullScreen\" value=\"true\" \/><param name=\"allowscriptaccess\" value=\"always\" \/><param name=\"src\" value=\"http:\/\/www.youtube.com\/v\/UQkpShfaSz8&amp;autoplay=1?version=3&amp;hl=es_ES\" \/><param name=\"allowfullscreen\" value=\"true\" \/><embed width=\"640\" height=\"360\" type=\"application\/x-shockwave-flash\" src=\"http:\/\/www.youtube.com\/v\/UQkpShfaSz8&amp;autoplay=1?version=3&amp;hl=es_ES\" allowfullscreen=\"allowfullscreen\" allowscriptaccess=\"always\" allowfullscreen=\"allowfullscreen\" \/><\/object><\/p>\n<p>El tipo posteriormente intent\u00f3 hacerla chantaje y como ella no cedi\u00f3 , mand\u00f3 su foto a todo el mundo que la conoc\u00eda, creando una espiral de odio e incomprensi\u00f3n hacia ella por parte de sus compa\u00f1eros de colegio y vecinos de su ciudad.<\/p>\n<p>Amanda , en un valiente intento de evitar a otras chicas que pasasen  lo mismo que ella, cont\u00f3 su historia en un video en youtube&#8230;<\/p>\n<p>La trama de la noticia es un docudrama que trata de narrar los peligros que podemos correr en internet en primera persona, todos los personajes que aparecen en el documental son actores y nada tienen que ver con las historias que narran. <\/p>\n<p>ella escribi\u00f3 en la descripci\u00f3n de su video :<\/p>\n<p>\u00abI&#8217;m struggling to stay in this world, because everything just touches me so deeply. I&#8217;m not doing this for attention. I&#8217;m doing this to be an inspiration and to show that I can be strong. I did things to myself to make pain go away, because I&#8217;d rather hurt myself then someone else. Haters are haters but please don&#8217;t hate, although im sure I&#8217;ll get them. I hope I can show you guys that everyone has a story, and everyones future will be bright one day, you just gotta pull through. I&#8217;m still here aren&#8217;t I ?<\/p>\n<p>&#8211; AmandaTodd (2012)\u00bb<\/p>\n<p>no dejes de pasar por el :<br \/>\n<iframe loading=\"lazy\" title=\"My story: Struggling, bullying, suicide, self harm\" width=\"747\" height=\"420\" src=\"https:\/\/www.youtube.com\/embed\/vOHXGNx-E7E?feature=oembed\" frameborder=\"0\" allow=\"accelerometer; autoplay; encrypted-media; gyroscope; picture-in-picture\" allowfullscreen><\/iframe><\/p>\n<p>Una producci\u00f3n de Television Alternativa Servicios Audiovisuales y de Producci\u00f3n.<\/p>\n<p>https:\/\/www.youtube.com\/televisionalternativ<br \/>\nhttp:\/\/www.dailymotion.com\/televisionalternativ<br \/>\nhttps:\/\/www.facebook.com\/televisionalternativa\/<br \/>\n<a class=\"twitter-timeline\" data-width=\"747\" data-height=\"1000\" data-dnt=\"true\" href=\"https:\/\/twitter.com\/televisionalter?ref_src=twsrc%5Etfw\">Tweets by televisionalter<\/a><script async src=\"https:\/\/platform.twitter.com\/widgets.js\" charset=\"utf-8\"><\/script><br \/>\nhttps:\/\/www.instagram.com\/televisionalternativ\/<br \/>\nTelevision Alternativa Servicios Audiovisuales y de Producci\u00f3n<\/p>\n","protected":false},"excerpt":{"rendered":"Una chica de 15 a\u00f1os nos cuenta como est\u00e1 sufriendo ciberbullying, a ra\u00edz de que un tipo la grab\u00f3 con apenas 12 a\u00f1os, \n<a class=\"moretag\" href=\"https:\/\/www.televisionalternativa.es\/000\/?p=7000\"> [...]<\/a>","protected":false},"author":14,"featured_media":7028,"comment_status":"closed","ping_status":"closed","sticky":false,"template":"","format":"standard","meta":{"footnotes":""},"categories":[3,77,75],"tags":[92,496,1367,1368,831,1369],"class_list":["post-7000","post","type-post","status-publish","format-standard","has-post-thumbnail","hentry","category-blog","category-documentales","category-ntc","tag-acoso","tag-bullying","tag-chantaje","tag-groming","tag-peligros","tag-redes-sociales"],"_links":{"self":[{"href":"https:\/\/www.televisionalternativa.es\/000\/index.php?rest_route=\/wp\/v2\/posts\/7000","targetHints":{"allow":["GET"]}}],"collection":[{"href":"https:\/\/www.televisionalternativa.es\/000\/index.php?rest_route=\/wp\/v2\/posts"}],"about":[{"href":"https:\/\/www.televisionalternativa.es\/000\/index.php?rest_route=\/wp\/v2\/types\/post"}],"author":[{"embeddable":true,"href":"https:\/\/www.televisionalternativa.es\/000\/index.php?rest_route=\/wp\/v2\/users\/14"}],"replies":[{"embeddable":true,"href":"https:\/\/www.televisionalternativa.es\/000\/index.php?rest_route=%2Fwp%2Fv2%2Fcomments&post=7000"}],"version-history":[{"count":3,"href":"https:\/\/www.televisionalternativa.es\/000\/index.php?rest_route=\/wp\/v2\/posts\/7000\/revisions"}],"predecessor-version":[{"id":7068,"href":"https:\/\/www.televisionalternativa.es\/000\/index.php?rest_route=\/wp\/v2\/posts\/7000\/revisions\/7068"}],"wp:featuredmedia":[{"embeddable":true,"href":"https:\/\/www.televisionalternativa.es\/000\/index.php?rest_route=\/wp\/v2\/media\/7028"}],"wp:attachment":[{"href":"https:\/\/www.televisionalternativa.es\/000\/index.php?rest_route=%2Fwp%2Fv2%2Fmedia&parent=7000"}],"wp:term":[{"taxonomy":"category","embeddable":true,"href":"https:\/\/www.televisionalternativa.es\/000\/index.php?rest_route=%2Fwp%2Fv2%2Fcategories&post=7000"},{"taxonomy":"post_tag","embeddable":true,"href":"https:\/\/www.televisionalternativa.es\/000\/index.php?rest_route=%2Fwp%2Fv2%2Ftags&post=7000"}],"curies":[{"name":"wp","href":"https:\/\/api.w.org\/{rel}","templated":true}]}}