{"id":6981,"date":"2016-11-10T18:08:13","date_gmt":"2016-11-10T18:08:13","guid":{"rendered":"http:\/\/www.televisionalternativa.es\/000\/?p=6981"},"modified":"2020-05-17T21:36:28","modified_gmt":"2020-05-17T21:36:28","slug":"shigeto-koyama-invitado-de-honor-al-salon-del-manga-de-valencia","status":"publish","type":"post","link":"https:\/\/www.televisionalternativa.es\/000\/?p=6981","title":{"rendered":"Shigeto Koyama, invitado de honor al Sal\u00f3n del Manga de Valencia"},"content":{"rendered":"<p><script type=\"text\/javascript\"><!--\ngoogle_ad_client = \"ca-pub-9550527709244125\";\n\/* 468x60, creado 4\/11\/08 *\/\ngoogle_ad_slot = \"1483193768\";\ngoogle_ad_width = 468;\ngoogle_ad_height = 60;\n\/\/-->\n<\/script><br \/>\n<script type=\"text\/javascript\"\nsrc=\"http:\/\/pagead2.googlesyndication.com\/pagead\/show_ads.js\">\n<\/script> <\/p>\n<div dir=\"ltr\">\n<div>\n<div>\n<div><span style=\"font-family: arial,sans-serif; white-space: normal; word-spacing: 0px; text-transform: none; font-weight: normal; color: #222222; font-style: normal; letter-spacing: normal; background-color: #ffffff; text-indent: 0px; font-variant-ligatures: normal; font-variant-caps: normal; font-size: large;\">Shigeto Koyama, dise\u00f1ador de Baymax (Big Hero 6), invitado de honor al Sal\u00f3n del Manga de Valencia\u00a0<\/span><\/p>\n<div style=\"font-size: 12px; font-family: arial,sans-serif; white-space: normal; word-spacing: 0px; text-transform: none; font-weight: normal; color: #222222; font-style: normal; letter-spacing: normal; background-color: #ffffff; text-indent: 0px; font-variant-ligatures: normal; font-variant-caps: normal;\"><\/div>\n<div style=\"font-size: 12px; font-family: arial,sans-serif; white-space: normal; word-spacing: 0px; text-transform: none; font-weight: normal; color: #222222; font-style: normal; letter-spacing: normal; background-color: #ffffff; text-indent: 0px; font-variant-ligatures: normal; font-variant-caps: normal;\">Los pr\u00f3ximos<b><span class=\"gmail-Apple-converted-space\">\u00a0<\/span>26 y 27 de noviembre Feria Valencia<span class=\"gmail-Apple-converted-space\">\u00a0<\/span><\/b>acoger\u00e1 una nueva edici\u00f3n del<span class=\"gmail-Apple-converted-space\">\u00a0<\/span><b>Sal\u00f3n del Manga Japan Weekend de Valencia<\/b>. Un fin de semana lleno de actividades que tendr\u00e1 su guinda en<span class=\"gmail-Apple-converted-space\">\u00a0<\/span><b>Shigeto Koyama<\/b>, nuestro invitado de honor para este a\u00f1o. Habitual del reconocido estudio de animaci\u00f3n japonesa<span class=\"gmail-Apple-converted-space\">\u00a0<\/span><i><b>TRIGGER<\/b><\/i>, es conocido por multitud de trabajos, aunque quiz\u00e1 sus mayores aportaciones sean la de dise\u00f1ador de los trajes de la serie<span class=\"gmail-Apple-converted-space\">\u00a0<\/span><b>Kill la Kill<\/b><span class=\"gmail-Apple-converted-space\">\u00a0<\/span>y del dise\u00f1o del<i><b><span class=\"gmail-Apple-converted-space\">\u00a0<\/span>Baymax<span class=\"gmail-Apple-converted-space\">\u00a0<\/span><\/b><\/i>estilo mecha con armadura de<span class=\"gmail-Apple-converted-space\">\u00a0<\/span><b>Big Hero 6<\/b>.<\/div>\n<div style=\"font-size: 12px; font-family: arial,sans-serif; white-space: normal; word-spacing: 0px; text-transform: none; font-weight: normal; color: #222222; font-style: normal; letter-spacing: normal; background-color: #ffffff; text-indent: 0px; font-variant-ligatures: normal; font-variant-caps: normal;\"><\/div>\n<div style=\"font-size: 12px; font-family: arial,sans-serif; white-space: normal; word-spacing: 0px; text-transform: none; font-weight: normal; color: #222222; font-style: normal; letter-spacing: normal; background-color: #ffffff; text-indent: 0px; font-variant-ligatures: normal; font-variant-caps: normal;\">La trayectoria de Koyama es enorme: tambi\u00e9n trabaj\u00f3 como dise\u00f1ador de las armas para el videojuego<b><span class=\"gmail-Apple-converted-space\">\u00a0<\/span>No More Heroes<span class=\"gmail-Apple-converted-space\">\u00a0<\/span><\/b>de Wii, en la animaci\u00f3n y dise\u00f1os de las pel\u00edculas de<span class=\"gmail-Apple-converted-space\">\u00a0<\/span><b>Evangelion<\/b>, en los dise\u00f1os de<span class=\"gmail-Apple-converted-space\">\u00a0<\/span><b>Eureka Seven<\/b><span class=\"gmail-Apple-converted-space\">\u00a0<\/span>y en otras series tan conocidas como Panty &amp; Stocking, Star Driver, Heroman o Gurren Lagann, entre otras tantas.<\/div>\n<div style=\"font-size: 12px; font-family: arial,sans-serif; white-space: normal; word-spacing: 0px; text-transform: none; font-weight: normal; color: #222222; font-style: normal; letter-spacing: normal; background-color: #ffffff; text-indent: 0px; font-variant-ligatures: normal; font-variant-caps: normal;\"><\/div>\n<div style=\"font-size: 12px; font-family: arial,sans-serif; white-space: normal; word-spacing: 0px; text-transform: none; font-weight: normal; color: #222222; font-style: normal; letter-spacing: normal; background-color: #ffffff; text-indent: 0px; font-variant-ligatures: normal; font-variant-caps: normal;\">En Valencia podr\u00e9is conocerle y descubrir su proceso creativo:<span class=\"gmail-Apple-converted-space\">\u00a0<\/span><b>\u00a1dibujar\u00e1 a Baymax en directo!<\/p>\n<p><\/b><\/div>\n<div style=\"font-size: 12px; font-family: arial,sans-serif; white-space: normal; word-spacing: 0px; text-transform: none; font-weight: normal; color: #222222; font-style: normal; letter-spacing: normal; background-color: #ffffff; text-indent: 0px; font-variant-ligatures: normal; font-variant-caps: normal;\"><b>Compra tus entradas aqui:<br \/>\n<a href=\"https:\/\/www.ticketea.com\/entradas-xviii-salon-del-manga-de-valencia\/\">https:\/\/www.ticketea.com\/entradas-xviii-salon-del-manga-de-valencia\/<\/a><\/p>\n<p><\/b><\/div>\n<p><b><\/b><\/div>\n<\/div>\n<\/div>\n<\/div>\n<p>&nbsp;<\/p>\n<p>https:\/\/www.youtube.com\/televisionalternativ<br \/>\nhttp:\/\/www.dailymotion.com\/televisionalternativ<br \/>\nhttps:\/\/www.facebook.com\/televisionalternativa\/<br \/>\n<a class=\"twitter-timeline\" data-width=\"747\" data-height=\"1000\" data-dnt=\"true\" href=\"https:\/\/twitter.com\/televisionalter?ref_src=twsrc%5Etfw\">Tweets by televisionalter<\/a><script async src=\"https:\/\/platform.twitter.com\/widgets.js\" charset=\"utf-8\"><\/script><br \/>\nhttps:\/\/www.instagram.com\/televisionalternativ\/<br \/>\nTelevision Alternativa Servicios Audiovisuales y de Producci\u00f3n<\/p>\n","protected":false},"excerpt":{"rendered":"Shigeto Koyama, dise\u00f1ador de Baymax (Big Hero 6), invitado de honor al Sal\u00f3n del Manga de Valencia\u00a0 Los pr\u00f3ximos\u00a026 y 27 de noviembre \n<a class=\"moretag\" href=\"https:\/\/www.televisionalternativa.es\/000\/?p=6981\"> [...]<\/a>","protected":false},"author":14,"featured_media":6982,"comment_status":"closed","ping_status":"closed","sticky":false,"template":"","format":"standard","meta":{"footnotes":""},"categories":[3,257,75],"tags":[114,403,1168,706,402,1348,409],"class_list":["post-6981","post","type-post","status-publish","format-standard","has-post-thumbnail","hentry","category-blog","category-eventos","category-ntc","tag-anime","tag-cosplay","tag-cultura","tag-japonesa","tag-manga","tag-salon-del-manga","tag-valencia"],"_links":{"self":[{"href":"https:\/\/www.televisionalternativa.es\/000\/index.php?rest_route=\/wp\/v2\/posts\/6981","targetHints":{"allow":["GET"]}}],"collection":[{"href":"https:\/\/www.televisionalternativa.es\/000\/index.php?rest_route=\/wp\/v2\/posts"}],"about":[{"href":"https:\/\/www.televisionalternativa.es\/000\/index.php?rest_route=\/wp\/v2\/types\/post"}],"author":[{"embeddable":true,"href":"https:\/\/www.televisionalternativa.es\/000\/index.php?rest_route=\/wp\/v2\/users\/14"}],"replies":[{"embeddable":true,"href":"https:\/\/www.televisionalternativa.es\/000\/index.php?rest_route=%2Fwp%2Fv2%2Fcomments&post=6981"}],"version-history":[{"count":1,"href":"https:\/\/www.televisionalternativa.es\/000\/index.php?rest_route=\/wp\/v2\/posts\/6981\/revisions"}],"predecessor-version":[{"id":6983,"href":"https:\/\/www.televisionalternativa.es\/000\/index.php?rest_route=\/wp\/v2\/posts\/6981\/revisions\/6983"}],"wp:featuredmedia":[{"embeddable":true,"href":"https:\/\/www.televisionalternativa.es\/000\/index.php?rest_route=\/wp\/v2\/media\/6982"}],"wp:attachment":[{"href":"https:\/\/www.televisionalternativa.es\/000\/index.php?rest_route=%2Fwp%2Fv2%2Fmedia&parent=6981"}],"wp:term":[{"taxonomy":"category","embeddable":true,"href":"https:\/\/www.televisionalternativa.es\/000\/index.php?rest_route=%2Fwp%2Fv2%2Fcategories&post=6981"},{"taxonomy":"post_tag","embeddable":true,"href":"https:\/\/www.televisionalternativa.es\/000\/index.php?rest_route=%2Fwp%2Fv2%2Ftags&post=6981"}],"curies":[{"name":"wp","href":"https:\/\/api.w.org\/{rel}","templated":true}]}}