{"id":6902,"date":"2016-08-25T22:21:52","date_gmt":"2016-08-25T22:21:52","guid":{"rendered":"http:\/\/www.televisionalternativa.es\/000\/?p=6902"},"modified":"2020-05-17T21:36:29","modified_gmt":"2020-05-17T21:36:29","slug":"6902","status":"publish","type":"post","link":"https:\/\/www.televisionalternativa.es\/000\/?p=6902","title":{"rendered":"Carlos Largo Mariblanca presentar\u00e1 \u00abMisterios de Aokigahara: el bosque de los suicidios\u00bb en la Japan Weekend 2016"},"content":{"rendered":"<p><script type=\"text\/javascript\"><!--\ngoogle_ad_client = \"ca-pub-9550527709244125\";\n\/* 468x60, creado 4\/11\/08 *\/\ngoogle_ad_slot = \"1483193768\";\ngoogle_ad_width = 468;\ngoogle_ad_height = 60;\n\/\/-->\n<\/script><br \/>\n<script type=\"text\/javascript\"\nsrc=\"http:\/\/pagead2.googlesyndication.com\/pagead\/show_ads.js\">\n<\/script><br \/>\n<strong>Cr\u00edtica a \u201cCazafantasmas (2016)\u201d<\/strong><\/p>\n<div dir=\"ltr\"><img loading=\"lazy\" decoding=\"async\" src=\"http:\/\/asianclubspain.com\/wp-content\/uploads\/2016\/08\/carlos-largo.jpg\" alt=\"carlos largo\" width=\"512\" height=\"512\" \/><\/p>\n<div>\n<div><b><\/b><\/p>\n<div>\n<div class=\"gmail_signature\" data-smartmail=\"gmail_signature\">\n<div dir=\"ltr\">\n<div>\n<div dir=\"ltr\">\n<div>\n<p align=\"justify\"><span style=\"font-family: Arial,sans-serif;\">El s\u00e1bado<\/span><strong><span style=\"font-family: Georgia,'Times New Roman','Bitstream Charter',Times,serif;\"><span style=\"font-size: medium;\">\u00a0<\/span><\/span><\/strong><strong><span style=\"color: #222222;\"><span style=\"font-size: medium;\"><b>24 de Septiembre<\/b><\/span><\/span><\/strong><span style=\"color: #222222;\"><span style=\"font-size: medium;\">, en la zona de Conferencias de<\/span><\/span><strong><span style=\"font-family: Georgia,'Times New Roman','Bitstream Charter',Times,serif;\"><span style=\"font-size: medium;\">\u00a0<\/span><\/span><\/strong><strong><span style=\"color: #222222;\"><span style=\"font-size: medium;\"><b>Asian Club Spain<\/b><\/span><\/span><\/strong><span style=\"font-family: Georgia,'Times New Roman','Bitstream Charter',Times,serif;\"><span style=\"font-size: medium;\">\u00a0<\/span><\/span><span style=\"color: #222222;\"><span style=\"font-size: medium;\">el redactor y reportero de\u00a0#CuartoMilenio\u00a0<\/span><\/span><strong><a href=\"https:\/\/es.linkedin.com\/in\/carloslargom\"><span style=\"color: #222222;\"><span style=\"font-size: medium;\"><b>Carlos Largo Mariblanca<\/b><\/span><\/span><\/a><\/strong><span style=\"color: #222222;\"><span style=\"font-family: Georgia,'Times New Roman','Bitstream Charter',Times,serif;\"><span style=\"font-size: medium;\">\u00a0\u00a0<\/span><\/span><\/span><span style=\"color: #222222;\"><span style=\"font-size: medium;\">presentar\u00e1 la conferencia\u00a0<\/span><\/span><strong><span style=\"color: #222222;\"><span style=\"font-size: medium;\"><b>\u201cMisterios de Aokigahara: el bosque de los suicidios\u201d<\/b><\/span><\/span><\/strong><span style=\"color: #222222;\"><span style=\"font-size: medium;\">.\u00a0<\/span><\/span><\/p>\n<p align=\"justify\"><span style=\"font-family: Arial,sans-serif;\">Carlos nos ha transportado a trav\u00e9s de sus aventuras a lugares incre\u00edbles en n\u00fameros ocasiones, pero es una de esas historias imposibles\u00a0en especial\u00a0la que nos dar\u00e1 cita\u00a0a lo seguidores de Jap\u00f3n y del misterio dentro del evento\u00a0<\/span><strong><span style=\"font-family: Arial,sans-serif;\"><b>Japan Weekend Madrid<\/b><\/span><\/strong><span style=\"color: #222222;\"><span style=\"font-family: Georgia,'Times New Roman','Bitstream Charter',Times,serif;\"><span style=\"font-size: medium;\">\u00a0<\/span><\/span><\/span><span style=\"color: #222222;\"><span style=\"font-size: medium;\">que se celebrar\u00e1 el pr\u00f3ximo 24 y 25 de Septiembre en IFEMA.<\/span><\/span><\/p>\n<p><span style=\"font-family: Arial,sans-serif;\"><span style=\"font-size: small;\"><strong><b>Misterios de Aokigahara: el bosque de los suicidios<br \/>\n<\/b><\/strong><em><span style=\"font-size: medium;\">El Monte Fuji es un lugar sagrado dentro de la cultura japonesa. En una de sus laderas destaca Aokigahara. Un frondoso bosque donde es f\u00e1cil perderse y que posee una extensi\u00f3n de m\u00e1s de 35.000 hect\u00e1reas. Un lugar identificado como maldito por las m\u00e1s de 100 muertes al a\u00f1o que se producen en su interior. \u00bfNos acompa\u00f1as? .<\/span><\/em><\/span><\/span><\/p>\n<\/div>\n<div><b>Japan Weekend Madrid<br \/>\n<\/b><\/div>\n<div><b><a href=\"http:\/\/www.japanweekend.com\/madrid\">www.japanweekend.com\/madrid<\/a><br \/>\n<\/b><\/div>\n<div><b>24 y 25 de septiembre de 2016<br \/>\n<\/b><\/div>\n<div><b>Feria Madrid<\/b><\/div>\n<\/div>\n<\/div>\n<\/div>\n<\/div>\n<\/div>\n<\/div>\n<\/div>\n<\/div>\n<p>https:\/\/www.youtube.com\/televisionalternativ<br \/>\nhttp:\/\/www.dailymotion.com\/televisionalternativ<br \/>\nhttps:\/\/www.facebook.com\/televisionalternativa\/<br \/>\n<a class=\"twitter-timeline\" data-width=\"747\" data-height=\"1000\" data-dnt=\"true\" href=\"https:\/\/twitter.com\/televisionalter?ref_src=twsrc%5Etfw\">Tweets by televisionalter<\/a><script async src=\"https:\/\/platform.twitter.com\/widgets.js\" charset=\"utf-8\"><\/script><br \/>\nTelevision Alternativa Servicios Audiovisuales y de Producci\u00f3n<\/p>\n","protected":false},"excerpt":{"rendered":"Cr\u00edtica a \u201cCazafantasmas (2016)\u201d El s\u00e1bado\u00a024 de Septiembre, en la zona de Conferencias de\u00a0Asian Club Spain\u00a0el redactor y reportero de\u00a0#CuartoMilenio\u00a0Carlos Largo Mariblanca\u00a0\u00a0presentar\u00e1 la \n<a class=\"moretag\" href=\"https:\/\/www.televisionalternativa.es\/000\/?p=6902\"> [...]<\/a>","protected":false},"author":14,"featured_media":6904,"comment_status":"closed","ping_status":"open","sticky":false,"template":"","format":"standard","meta":{"footnotes":""},"categories":[3,257],"tags":[1168,984,404,82],"class_list":["post-6902","post","type-post","status-publish","format-standard","has-post-thumbnail","hentry","category-blog","category-eventos","tag-cultura","tag-japan-weekend","tag-japon","tag-madrid"],"_links":{"self":[{"href":"https:\/\/www.televisionalternativa.es\/000\/index.php?rest_route=\/wp\/v2\/posts\/6902","targetHints":{"allow":["GET"]}}],"collection":[{"href":"https:\/\/www.televisionalternativa.es\/000\/index.php?rest_route=\/wp\/v2\/posts"}],"about":[{"href":"https:\/\/www.televisionalternativa.es\/000\/index.php?rest_route=\/wp\/v2\/types\/post"}],"author":[{"embeddable":true,"href":"https:\/\/www.televisionalternativa.es\/000\/index.php?rest_route=\/wp\/v2\/users\/14"}],"replies":[{"embeddable":true,"href":"https:\/\/www.televisionalternativa.es\/000\/index.php?rest_route=%2Fwp%2Fv2%2Fcomments&post=6902"}],"version-history":[{"count":3,"href":"https:\/\/www.televisionalternativa.es\/000\/index.php?rest_route=\/wp\/v2\/posts\/6902\/revisions"}],"predecessor-version":[{"id":6907,"href":"https:\/\/www.televisionalternativa.es\/000\/index.php?rest_route=\/wp\/v2\/posts\/6902\/revisions\/6907"}],"wp:featuredmedia":[{"embeddable":true,"href":"https:\/\/www.televisionalternativa.es\/000\/index.php?rest_route=\/wp\/v2\/media\/6904"}],"wp:attachment":[{"href":"https:\/\/www.televisionalternativa.es\/000\/index.php?rest_route=%2Fwp%2Fv2%2Fmedia&parent=6902"}],"wp:term":[{"taxonomy":"category","embeddable":true,"href":"https:\/\/www.televisionalternativa.es\/000\/index.php?rest_route=%2Fwp%2Fv2%2Fcategories&post=6902"},{"taxonomy":"post_tag","embeddable":true,"href":"https:\/\/www.televisionalternativa.es\/000\/index.php?rest_route=%2Fwp%2Fv2%2Ftags&post=6902"}],"curies":[{"name":"wp","href":"https:\/\/api.w.org\/{rel}","templated":true}]}}