{"id":6850,"date":"2016-05-23T23:32:43","date_gmt":"2016-05-23T23:32:43","guid":{"rendered":"http:\/\/www.televisionalternativa.es\/000\/?p=6850"},"modified":"2020-05-17T21:36:30","modified_gmt":"2020-05-17T21:36:30","slug":"impresionante-accidente-de-coche-car-accidents-%d0%b0%d0%b2%d1%82%d0%be%d0%bc%d0%be%d0%b1%d0%b8%d0%bb%d1%8c%d0%bd%d1%8b%d0%b5-%d0%b0%d0%b2%d0%b0%d1%80%d0%b8%d0%b8-acidentes-de-carro","status":"publish","type":"post","link":"https:\/\/www.televisionalternativa.es\/000\/?p=6850","title":{"rendered":"Impresionante accidente de coche &#8211; Car accidents &#8211; \u0410\u0432\u0442\u043e\u043c\u043e\u0431\u0438\u043b\u044c\u043d\u044b\u0435 \u0430\u0432\u0430\u0440\u0438\u0438 &#8211; acidentes de carro"},"content":{"rendered":"<p><script type=\"text\/javascript\"><!--\ngoogle_ad_client = \"ca-pub-9550527709244125\";\n\/* 468x60, creado 4\/11\/08 *\/\ngoogle_ad_slot = \"1483193768\";\ngoogle_ad_width = 468;\ngoogle_ad_height = 60;\n\/\/-->\n<\/script><br \/>\n<script type=\"text\/javascript\"\nsrc=\"http:\/\/pagead2.googlesyndication.com\/pagead\/show_ads.js\">\n<\/script> <\/p>\n<p>M\u00e1s de 600 efectivos de las Fuerzas Armadas, Polic\u00eda Municipal de Madrid, Polic\u00eda Nacional, bomberos y servicios sanitarios de Emergencias han participado esta tarde en la base a\u00e9rea de Cuatro Vientos en un simulacro de cat\u00e1strofes organizado por el Ayuntamiento de Madrid.<\/p>\n<p>El simulacro ha comenzado a las 19.00 horas. El objetivo era, seg\u00fan el Ayuntamiento de Madrid, que la Direcci\u00f3n General de Emergencias y Protecci\u00f3n Civil mostrara la capacidad de preparaci\u00f3n y respuesta de los cuerpos y servicios que intervienen en un gran siniestro.<\/p>\n<p>https:\/\/www.youtube.com\/televisionalternativ<br \/>\nhttp:\/\/www.dailymotion.com\/televisionalternativ<br \/>\nhttps:\/\/www.facebook.com\/televisionalternativa\/<br \/>\n<a class=\"twitter-timeline\" data-width=\"747\" data-height=\"1000\" data-dnt=\"true\" href=\"https:\/\/twitter.com\/televisionalter?ref_src=twsrc%5Etfw\">Tweets by televisionalter<\/a><script async src=\"https:\/\/platform.twitter.com\/widgets.js\" charset=\"utf-8\"><\/script><br \/>\nTelevision Alternativa Servicios Audiovisuales y de Producci\u00f3n<\/p>\n<p><object width=\"640\" height=\"360\" classid=\"clsid:d27cdb6e-ae6d-11cf-96b8-444553540000\" codebase=\"http:\/\/download.macromedia.com\/pub\/shockwave\/cabs\/flash\/swflash.cab#version=6,0,40,0\"><param name=\"allowFullScreen\" value=\"true\" \/><param name=\"allowscriptaccess\" value=\"always\" \/><param name=\"src\" value=\"http:\/\/www.youtube.com\/v\/kdYcRVxXwAU&amp;autoplay=1?version=3&amp;hl=es_ES\" \/><param name=\"allowfullscreen\" value=\"true\" \/><embed width=\"640\" height=\"360\" type=\"application\/x-shockwave-flash\" src=\"http:\/\/www.youtube.com\/v\/kdYcRVxXwAU&amp;autoplay=1?version=3&amp;hl=es_ES\" allowfullscreen=\"allowfullscreen\" allowscriptaccess=\"always\" allowfullscreen=\"allowfullscreen\" \/><\/object><\/p>\n","protected":false},"excerpt":{"rendered":"M\u00e1s de 600 efectivos de las Fuerzas Armadas, Polic\u00eda Municipal de Madrid, Polic\u00eda Nacional, bomberos y servicios sanitarios de Emergencias han participado esta \n<a class=\"moretag\" href=\"https:\/\/www.televisionalternativa.es\/000\/?p=6850\"> [...]<\/a>","protected":false},"author":14,"featured_media":6851,"comment_status":"closed","ping_status":"closed","sticky":false,"template":"","format":"standard","meta":{"footnotes":""},"categories":[3,257],"tags":[914,122],"class_list":["post-6850","post","type-post","status-publish","format-standard","has-post-thumbnail","hentry","category-blog","category-eventos","tag-accidentes","tag-coches"],"_links":{"self":[{"href":"https:\/\/www.televisionalternativa.es\/000\/index.php?rest_route=\/wp\/v2\/posts\/6850","targetHints":{"allow":["GET"]}}],"collection":[{"href":"https:\/\/www.televisionalternativa.es\/000\/index.php?rest_route=\/wp\/v2\/posts"}],"about":[{"href":"https:\/\/www.televisionalternativa.es\/000\/index.php?rest_route=\/wp\/v2\/types\/post"}],"author":[{"embeddable":true,"href":"https:\/\/www.televisionalternativa.es\/000\/index.php?rest_route=\/wp\/v2\/users\/14"}],"replies":[{"embeddable":true,"href":"https:\/\/www.televisionalternativa.es\/000\/index.php?rest_route=%2Fwp%2Fv2%2Fcomments&post=6850"}],"version-history":[{"count":1,"href":"https:\/\/www.televisionalternativa.es\/000\/index.php?rest_route=\/wp\/v2\/posts\/6850\/revisions"}],"predecessor-version":[{"id":6852,"href":"https:\/\/www.televisionalternativa.es\/000\/index.php?rest_route=\/wp\/v2\/posts\/6850\/revisions\/6852"}],"wp:featuredmedia":[{"embeddable":true,"href":"https:\/\/www.televisionalternativa.es\/000\/index.php?rest_route=\/wp\/v2\/media\/6851"}],"wp:attachment":[{"href":"https:\/\/www.televisionalternativa.es\/000\/index.php?rest_route=%2Fwp%2Fv2%2Fmedia&parent=6850"}],"wp:term":[{"taxonomy":"category","embeddable":true,"href":"https:\/\/www.televisionalternativa.es\/000\/index.php?rest_route=%2Fwp%2Fv2%2Fcategories&post=6850"},{"taxonomy":"post_tag","embeddable":true,"href":"https:\/\/www.televisionalternativa.es\/000\/index.php?rest_route=%2Fwp%2Fv2%2Ftags&post=6850"}],"curies":[{"name":"wp","href":"https:\/\/api.w.org\/{rel}","templated":true}]}}