{"id":6807,"date":"2016-04-29T10:33:48","date_gmt":"2016-04-29T10:33:48","guid":{"rendered":"http:\/\/www.televisionalternativa.es\/000\/?p=6807"},"modified":"2020-05-17T21:36:30","modified_gmt":"2020-05-17T21:36:30","slug":"review-3-teorias-the-walking-dead-a-quien-mato-negan","status":"publish","type":"post","link":"https:\/\/www.televisionalternativa.es\/000\/?p=6807","title":{"rendered":"Review : 3 Teor\u00edas The Walking Dead , \u00bfa qui\u00e9n mat\u00f3 Negan?"},"content":{"rendered":"<p><script type=\"text\/javascript\"><!--\ngoogle_ad_client = \"ca-pub-9550527709244125\";\n\/* 468x60, creado 4\/11\/08 *\/\ngoogle_ad_slot = \"1483193768\";\ngoogle_ad_width = 468;\ngoogle_ad_height = 60;\n\/\/-->\n<\/script><br \/>\n<script type=\"text\/javascript\"\nsrc=\"http:\/\/pagead2.googlesyndication.com\/pagead\/show_ads.js\">\n<\/script> <\/p>\n<p>Bas\u00e1ndonos en el final de la pasada temporada de la serie \u00abThe Walking Dead\u00bb , hemos deducido 3 posibles teor\u00edas sobre quien fue la v\u00edctima de Negan &#8230;<\/p>\n<p>Circulan varios miles de teor\u00edas en ese tema , incluidos an\u00e1lisis de la situaci\u00f3n del grupo y de las luces y nos parecen muy interesantes y v\u00e1lidas , pero creemos que en realidad la situaci\u00f3n del grupo , Negan y la colocaci\u00f3n de la iluminaci\u00f3n , no son m\u00e1s que un recurso m\u00e1s para el montador del episodio y no afectan al resultado final.<\/p>\n<p>De las 3 teor\u00edas que os proponemos , nosotros apostamos por la tercera , ya que de alguna manera ,adem\u00e1s de ser l\u00f3gica por lo que argumentamos , al mismo tiempo har\u00eda un seguimiento al comic en el que se basa la serie.<\/p>\n<p>\u00bfVosotros que pensais?<\/p>\n<p>https:\/\/www.youtube.com\/televisionalternativ<br \/>\nhttps:\/\/www.facebook.com\/televisionalternativa\/<br \/>\n<a class=\"twitter-timeline\" data-width=\"747\" data-height=\"1000\" data-dnt=\"true\" href=\"https:\/\/twitter.com\/televisionalter?ref_src=twsrc%5Etfw\">Tweets by televisionalter<\/a><script async src=\"https:\/\/platform.twitter.com\/widgets.js\" charset=\"utf-8\"><\/script><br \/>\nhttp:\/\/www.dailymotion.com\/televisionalternativ<br \/>\nTelevision Alternativa Servicios Audiovisuales y de Producci\u00f3n<\/p>\n<p><object width=\"640\" height=\"360\" classid=\"clsid:d27cdb6e-ae6d-11cf-96b8-444553540000\" codebase=\"http:\/\/download.macromedia.com\/pub\/shockwave\/cabs\/flash\/swflash.cab#version=6,0,40,0\"><param name=\"allowFullScreen\" value=\"true\" \/><param name=\"allowscriptaccess\" value=\"always\" \/><param name=\"src\" value=\"http:\/\/www.youtube.com\/v\/MXhQIyTnx6I&amp;autoplay=1?version=3&amp;hl=es_ES\" \/><param name=\"allowfullscreen\" value=\"true\" \/><embed width=\"640\" height=\"360\" type=\"application\/x-shockwave-flash\" src=\"http:\/\/www.youtube.com\/v\/MXhQIyTnx6I&amp;autoplay=1?version=3&amp;hl=es_ES\" allowfullscreen=\"allowfullscreen\" allowscriptaccess=\"always\" allowfullscreen=\"allowfullscreen\" \/><\/object><\/p>\n","protected":false},"excerpt":{"rendered":"Bas\u00e1ndonos en el final de la pasada temporada de la serie \u00abThe Walking Dead\u00bb , hemos deducido 3 posibles teor\u00edas sobre quien fue \n<a class=\"moretag\" href=\"https:\/\/www.televisionalternativa.es\/000\/?p=6807\"> [...]<\/a>","protected":false},"author":14,"featured_media":6808,"comment_status":"closed","ping_status":"closed","sticky":false,"template":"","format":"standard","meta":{"footnotes":""},"categories":[3,1296],"tags":[1298,1299,1297],"class_list":["post-6807","post","type-post","status-publish","format-standard","has-post-thumbnail","hentry","category-blog","category-television","tag-negan","tag-teorias","tag-the-walking-dead"],"_links":{"self":[{"href":"https:\/\/www.televisionalternativa.es\/000\/index.php?rest_route=\/wp\/v2\/posts\/6807","targetHints":{"allow":["GET"]}}],"collection":[{"href":"https:\/\/www.televisionalternativa.es\/000\/index.php?rest_route=\/wp\/v2\/posts"}],"about":[{"href":"https:\/\/www.televisionalternativa.es\/000\/index.php?rest_route=\/wp\/v2\/types\/post"}],"author":[{"embeddable":true,"href":"https:\/\/www.televisionalternativa.es\/000\/index.php?rest_route=\/wp\/v2\/users\/14"}],"replies":[{"embeddable":true,"href":"https:\/\/www.televisionalternativa.es\/000\/index.php?rest_route=%2Fwp%2Fv2%2Fcomments&post=6807"}],"version-history":[{"count":1,"href":"https:\/\/www.televisionalternativa.es\/000\/index.php?rest_route=\/wp\/v2\/posts\/6807\/revisions"}],"predecessor-version":[{"id":6809,"href":"https:\/\/www.televisionalternativa.es\/000\/index.php?rest_route=\/wp\/v2\/posts\/6807\/revisions\/6809"}],"wp:featuredmedia":[{"embeddable":true,"href":"https:\/\/www.televisionalternativa.es\/000\/index.php?rest_route=\/wp\/v2\/media\/6808"}],"wp:attachment":[{"href":"https:\/\/www.televisionalternativa.es\/000\/index.php?rest_route=%2Fwp%2Fv2%2Fmedia&parent=6807"}],"wp:term":[{"taxonomy":"category","embeddable":true,"href":"https:\/\/www.televisionalternativa.es\/000\/index.php?rest_route=%2Fwp%2Fv2%2Fcategories&post=6807"},{"taxonomy":"post_tag","embeddable":true,"href":"https:\/\/www.televisionalternativa.es\/000\/index.php?rest_route=%2Fwp%2Fv2%2Ftags&post=6807"}],"curies":[{"name":"wp","href":"https:\/\/api.w.org\/{rel}","templated":true}]}}