{"id":6625,"date":"2015-09-13T18:12:26","date_gmt":"2015-09-13T18:12:26","guid":{"rendered":"http:\/\/www.televisionalternativa.es\/000\/?p=6625"},"modified":"2020-05-21T19:37:47","modified_gmt":"2020-05-21T19:37:47","slug":"los-wookies-invaden-aluche-el-19-de-septiembre","status":"publish","type":"post","link":"https:\/\/www.televisionalternativa.es\/000\/?p=6625","title":{"rendered":"Los Wookies invaden Aluche el 19 de Septiembre"},"content":{"rendered":"<p><script type=\"text\/javascript\"><!--\ngoogle_ad_client = \"ca-pub-9550527709244125\";\n\/* 468x60, creado 4\/11\/08 *\/\ngoogle_ad_slot = \"1483193768\";\ngoogle_ad_width = 468;\ngoogle_ad_height = 60;\n\/\/-->\n<\/script><br \/>\n<script type=\"text\/javascript\"\nsrc=\"http:\/\/pagead2.googlesyndication.com\/pagead\/show_ads.js\">\n<\/script> <\/p>\n<p>El Centro Comercial Plaza Aluche de Madrid acoger\u00e1 este s\u00e1bado 19 de septiembre la primera edici\u00f3n de la nueva temporada del TOY MARKET Plaza Aluche, una feria de juguetes que se celebra todos los terceros s\u00e1bados de mes y cuya principal novedad ser\u00e1 la participaci\u00f3n de los \u2018Wookiee Brothers\u2019. La entrada es gratuita y el horario de 10.00 a 20.00 horas.<\/p>\n<p>M\u00e1s de 50 expositores venidos de todas las partes de Espa\u00f1a pondr\u00e1n a disposici\u00f3n del p\u00fablico infinidad de juguetes. Se podr\u00e1n adquirir desde juguetes los a\u00f1os 70 y 80, pasando por los personajes que marcaron una \u00e9poca como Geyperman, Madelman, Mazinger Z o Superman, hasta los \u00faltimos mu\u00f1ecos de Star Wars, Playmobil, LEGO, coches a escala, etc. Tambi\u00e9n, los amantes de los coches de Scalextric contar\u00e1n en la feria con una gran variedad de modelos a escala, antiguos, descatalogados o de serie limitada.<\/p>\n<p>Los seguidores de la saga de la Guerra de las Galaxias estar\u00e1n de enhorabuena ya que se presentar\u00e1n, por primera vez juntos en Europa, los \u2018Wookiee Brothers\u2019, dos personajes colosales de la saga gal\u00e1ctica que desfilar\u00e1n por el Centro Comercial acompa\u00f1ados por otros miembros de la Guerra de las Galaxias. \u201cSus m\u00e1s de 2,35 metros de altura y sus trajes, r\u00e9plicas de los utilizados en las pel\u00edculas, no pasar\u00e1n desapercibidos y ser\u00e1n recordados por mucho tiempo\u201d, explica Antonio Montana, organizador del Toy Market Plaza Aluche. El p\u00fablico podr\u00e1 hacerse fotos con ellos ya que se organizar\u00e1n dos pases, uno a partir de las 11.00 horas y otro por la tarde a partir de las 17.00 horas.<\/p>\n<p>En este sentido, el organizador de la feria explica que \u201csi quieres pasar un d\u00eda en familia recordando los juguetes de la infancia y adquiriendo las \u00faltimas novedades del mercado, no faltes este s\u00e1bado al TOY MARKET Plaza Aluche\u201d. Por \u00faltimo, Montana recuerda que \u201cno es una feria elitista y se pueden encontrar juguetes desde 1 euro, adem\u00e1s la entrada y el parking es gratuito\u201d.<\/p>\n<p>TOY MARKET Plaza Aluche<br \/>\nCentro Comercial Plaza Aluche<br \/>\nAvda. de los Poblados, 58. Madrid<br \/>\nDe 10.00 a 20:00 horas.<br \/>\nEntrada gratuita.<br \/>\nwww.juguetedemadrid.es<\/p>\n","protected":false},"excerpt":{"rendered":"El Centro Comercial Plaza Aluche de Madrid acoger\u00e1 este s\u00e1bado 19 de septiembre la primera edici\u00f3n de la nueva temporada del TOY MARKET \n<a class=\"moretag\" href=\"https:\/\/www.televisionalternativa.es\/000\/?p=6625\"> [...]<\/a>","protected":false},"author":14,"featured_media":6626,"comment_status":"closed","ping_status":"closed","sticky":false,"template":"","format":"standard","meta":{"footnotes":""},"categories":[3,257],"tags":[326,750,165,1225,1224],"class_list":["post-6625","post","type-post","status-publish","format-standard","has-post-thumbnail","hentry","category-blog","category-eventos","tag-alternativa","tag-brothers","tag-entretenimiento-2","tag-starwars","tag-wookies"],"_links":{"self":[{"href":"https:\/\/www.televisionalternativa.es\/000\/index.php?rest_route=\/wp\/v2\/posts\/6625","targetHints":{"allow":["GET"]}}],"collection":[{"href":"https:\/\/www.televisionalternativa.es\/000\/index.php?rest_route=\/wp\/v2\/posts"}],"about":[{"href":"https:\/\/www.televisionalternativa.es\/000\/index.php?rest_route=\/wp\/v2\/types\/post"}],"author":[{"embeddable":true,"href":"https:\/\/www.televisionalternativa.es\/000\/index.php?rest_route=\/wp\/v2\/users\/14"}],"replies":[{"embeddable":true,"href":"https:\/\/www.televisionalternativa.es\/000\/index.php?rest_route=%2Fwp%2Fv2%2Fcomments&post=6625"}],"version-history":[{"count":2,"href":"https:\/\/www.televisionalternativa.es\/000\/index.php?rest_route=\/wp\/v2\/posts\/6625\/revisions"}],"predecessor-version":[{"id":6628,"href":"https:\/\/www.televisionalternativa.es\/000\/index.php?rest_route=\/wp\/v2\/posts\/6625\/revisions\/6628"}],"wp:featuredmedia":[{"embeddable":true,"href":"https:\/\/www.televisionalternativa.es\/000\/index.php?rest_route=\/wp\/v2\/media\/6626"}],"wp:attachment":[{"href":"https:\/\/www.televisionalternativa.es\/000\/index.php?rest_route=%2Fwp%2Fv2%2Fmedia&parent=6625"}],"wp:term":[{"taxonomy":"category","embeddable":true,"href":"https:\/\/www.televisionalternativa.es\/000\/index.php?rest_route=%2Fwp%2Fv2%2Fcategories&post=6625"},{"taxonomy":"post_tag","embeddable":true,"href":"https:\/\/www.televisionalternativa.es\/000\/index.php?rest_route=%2Fwp%2Fv2%2Ftags&post=6625"}],"curies":[{"name":"wp","href":"https:\/\/api.w.org\/{rel}","templated":true}]}}