{"id":6568,"date":"2015-06-01T17:57:42","date_gmt":"2015-06-01T17:57:42","guid":{"rendered":"http:\/\/www.televisionalternativa.es\/000\/?p=6568"},"modified":"2020-05-21T19:37:48","modified_gmt":"2020-05-21T19:37:48","slug":"30-anos-despues-vuelve-regreso-al-futuro","status":"publish","type":"post","link":"https:\/\/www.televisionalternativa.es\/000\/?p=6568","title":{"rendered":"30 a\u00f1os despu\u00e9s, vuelve REGRESO AL FUTURO"},"content":{"rendered":"<p><script type=\"text\/javascript\"><!--\ngoogle_ad_client = \"ca-pub-9550527709244125\";\n\/* 468x60, creado 4\/11\/08 *\/\ngoogle_ad_slot = \"1483193768\";\ngoogle_ad_width = 468;\ngoogle_ad_height = 60;\n\/\/-->\n<\/script><br \/>\n<script type=\"text\/javascript\"\nsrc=\"http:\/\/pagead2.googlesyndication.com\/pagead\/show_ads.js\">\n<\/script> <\/p>\n<p>Un evento \u00fanico celebra el aniversario del estreno con una proyecci\u00f3n-concierto para 10.000 personas, exclusivo en Espa\u00f1a.<\/p>\n<p>El Palacio de Vistalegre de Madrid se transforma en una espectacular sala de cine para acoger la proyecci\u00f3n de la pel\u00edcula con la banda sonora en directo interpretada por la Film Symphony Orchestra &#8211; FSO<\/p>\n<p><object width=\"640\" height=\"360\" classid=\"clsid:d27cdb6e-ae6d-11cf-96b8-444553540000\" codebase=\"http:\/\/download.macromedia.com\/pub\/shockwave\/cabs\/flash\/swflash.cab#version=6,0,40,0\"><param name=\"allowFullScreen\" value=\"true\" \/><param name=\"allowscriptaccess\" value=\"always\" \/><param name=\"src\" value=\"http:\/\/www.youtube.com\/v\/3ODEymgigHM&amp;autoplay=1?version=3&amp;hl=es_ES\" \/><param name=\"allowfullscreen\" value=\"true\" \/><embed width=\"640\" height=\"360\" type=\"application\/x-shockwave-flash\" src=\"http:\/\/www.youtube.com\/v\/3ODEymgigHM&amp;autoplay=1?version=3&amp;hl=es_ES\" allowfullscreen=\"allowfullscreen\" allowscriptaccess=\"always\" allowfullscreen=\"allowfullscreen\" \/><\/object><\/p>\n<p>\u00d8  Alan Silvestri ha compuesto nueva m\u00fasica para la ocasi\u00f3n, ampliando la banda sonora original, con el visto bueno de Robert Zemeckis<\/p>\n<p>\u00d8  El evento se celebrar\u00e1 en algunas de las principales capitales mundiales: Lucerna, Paris, Edimburgo, Los \u00c1ngeles y Londres<br \/>\nCoincidiendo con la celebraci\u00f3n del 30 aniversario de REGRESO AL FUTURO, la Film Symphony Orchestra, \u00fanica orquesta sinf\u00f3nica europea especializa en la realizaci\u00f3n de giras de conciertos de m\u00fasica de cine, ofrece un evento \u00daNICO en Espa\u00f1a. <\/p>\n<p>El s\u00e1bado 13 de Junio, el Palacio de Vistalegre se transformar\u00e1 en una inmensa sala de cine para ofrecer una proyecci\u00f3n muy especial de REGRESO AL FUTURO en la que el p\u00fablico acompa\u00f1ar\u00e1 a Marty Macfly y Doc Brown a trav\u00e9s del tiempo mientras disfruta de la m\u00fasica original de la pel\u00edcula interpretada por la FSO, bajo la direcci\u00f3n del carism\u00e1tico Constantino Mart\u00ednez Orts.<\/p>\n<p>El concierto contar\u00e1 con NUEVA M\u00daSICA creada por  ALAN SILVESTRI especialmente para la ocasi\u00f3n: Una obertura al inicio de la proyecci\u00f3n y un entreacto, adem\u00e1s de una ampliaci\u00f3n de la propia BSO original, que se a\u00f1adir\u00e1 a la pel\u00edcula en una versi\u00f3n supervisada por el propio Robert Zemeckis. En total, m\u00e1s de 40 minutos de nueva y espectacular m\u00fasica.<\/p>\n<p>Un evento exclusivo que, hasta la fecha, s\u00f3lo se podr\u00e1 ver en otras 4 grandes citas mundiales que arrancaron el 30 de mayo con la premi\u00e8re mundial en el KKL Luzern Concert Hall, de Lucerna, Suiza.Coincidiendo con la cita madrile\u00f1a, el espect\u00e1culo se presentar\u00e1 en el Palais de Congres de Paris y posteriormente en el Festival de Teatro de Edimburgo el 27 de Junio, tres d\u00edas despu\u00e9s llegar\u00e1 a la gran pantalla del Hollywood Bowl de Los Angeles y el 4 de julio el emblem\u00e1tico Royal Albert Hall de Londres pondr\u00e1 el broche final.<\/p>\n<p>M\u00e1s de 90 m\u00fasicos en escena, una pantalla gigante y un montaje que cuenta con la supervisi\u00f3n especial de un equipo t\u00e9cnico de Hollywood desplazado para la ocasi\u00f3n, garantizan un espect\u00e1culo de primer nivel mundial que en Madrid espera reunir alrededor de 10.000 personas.<\/p>\n<p>Las entradas ya est\u00e1n a la venta en la propia web del evento www.regresoalfuturoenconcierto.es y en www.vayaentradas.com con una amplia horquilla de precios desde los 26 euros y abonos Premium para los m\u00e1s fans.<\/p>\n","protected":false},"excerpt":{"rendered":"Un evento \u00fanico celebra el aniversario del estreno con una proyecci\u00f3n-concierto para 10.000 personas, exclusivo en Espa\u00f1a. El Palacio de Vistalegre de Madrid \n<a class=\"moretag\" href=\"https:\/\/www.televisionalternativa.es\/000\/?p=6568\"> [...]<\/a>","protected":false},"author":14,"featured_media":6570,"comment_status":"closed","ping_status":"open","sticky":false,"template":"","format":"standard","meta":{"footnotes":""},"categories":[3,63,257],"tags":[64,272,1026,178,1025],"class_list":["post-6568","post","type-post","status-publish","format-standard","has-post-thumbnail","hentry","category-blog","category-cine","category-eventos","tag-cine-2","tag-estreno","tag-palacio-de-vistalegre","tag-pelicula-2","tag-regraso-al-futuro"],"_links":{"self":[{"href":"https:\/\/www.televisionalternativa.es\/000\/index.php?rest_route=\/wp\/v2\/posts\/6568","targetHints":{"allow":["GET"]}}],"collection":[{"href":"https:\/\/www.televisionalternativa.es\/000\/index.php?rest_route=\/wp\/v2\/posts"}],"about":[{"href":"https:\/\/www.televisionalternativa.es\/000\/index.php?rest_route=\/wp\/v2\/types\/post"}],"author":[{"embeddable":true,"href":"https:\/\/www.televisionalternativa.es\/000\/index.php?rest_route=\/wp\/v2\/users\/14"}],"replies":[{"embeddable":true,"href":"https:\/\/www.televisionalternativa.es\/000\/index.php?rest_route=%2Fwp%2Fv2%2Fcomments&post=6568"}],"version-history":[{"count":4,"href":"https:\/\/www.televisionalternativa.es\/000\/index.php?rest_route=\/wp\/v2\/posts\/6568\/revisions"}],"predecessor-version":[{"id":6574,"href":"https:\/\/www.televisionalternativa.es\/000\/index.php?rest_route=\/wp\/v2\/posts\/6568\/revisions\/6574"}],"wp:featuredmedia":[{"embeddable":true,"href":"https:\/\/www.televisionalternativa.es\/000\/index.php?rest_route=\/wp\/v2\/media\/6570"}],"wp:attachment":[{"href":"https:\/\/www.televisionalternativa.es\/000\/index.php?rest_route=%2Fwp%2Fv2%2Fmedia&parent=6568"}],"wp:term":[{"taxonomy":"category","embeddable":true,"href":"https:\/\/www.televisionalternativa.es\/000\/index.php?rest_route=%2Fwp%2Fv2%2Fcategories&post=6568"},{"taxonomy":"post_tag","embeddable":true,"href":"https:\/\/www.televisionalternativa.es\/000\/index.php?rest_route=%2Fwp%2Fv2%2Ftags&post=6568"}],"curies":[{"name":"wp","href":"https:\/\/api.w.org\/{rel}","templated":true}]}}