{"id":6557,"date":"2015-06-01T19:37:29","date_gmt":"2015-06-01T19:37:29","guid":{"rendered":"http:\/\/www.televisionalternativa.es\/000\/?p=6557"},"modified":"2020-05-21T19:37:48","modified_gmt":"2020-05-21T19:37:48","slug":"tratamiento-de-hidratacion-del-cabello-con-alma-luzon-estilista-black-and-white-peluqueros","status":"publish","type":"post","link":"https:\/\/www.televisionalternativa.es\/000\/?p=6557","title":{"rendered":"Tratamiento de Hidrataci\u00f3n del cabello con Alma Luz\u00f3n estilista, black and white peluqueros"},"content":{"rendered":"<p><script type=\"text\/javascript\"><!--\ngoogle_ad_client = \"ca-pub-9550527709244125\";\n\/* 468x60, creado 4\/11\/08 *\/\ngoogle_ad_slot = \"1483193768\";\ngoogle_ad_width = 468;\ngoogle_ad_height = 60;\n\/\/-->\n<\/script><br \/>\n<script type=\"text\/javascript\"\nsrc=\"http:\/\/pagead2.googlesyndication.com\/pagead\/show_ads.js\">\n<\/script> <\/p>\n<p>Distrito Moda se ha desplazado a visitar a Alma Luz\u00f3n , para comprobar su tratamiento de Hidrataci\u00f3n del cabello con Infrarrojos.<\/p>\n<p><strong>Tutorial para hacerse fotos con los Cosplayers<\/strong><\/p>\n<p><object width=\"640\" height=\"360\" classid=\"clsid:d27cdb6e-ae6d-11cf-96b8-444553540000\" codebase=\"http:\/\/download.macromedia.com\/pub\/shockwave\/cabs\/flash\/swflash.cab#version=6,0,40,0\"><param name=\"allowFullScreen\" value=\"true\" \/><param name=\"allowscriptaccess\" value=\"always\" \/><param name=\"src\" value=\"http:\/\/www.youtube.com\/v\/_mOGEJPcTjI&amp;autoplay=1?version=3&amp;hl=es_ES\" \/><param name=\"allowfullscreen\" value=\"true\" \/><embed width=\"640\" height=\"360\" type=\"application\/x-shockwave-flash\" src=\"http:\/\/www.youtube.com\/v\/_mOGEJPcTjI&amp;autoplay=1?version=3&amp;hl=es_ES\" allowfullscreen=\"allowfullscreen\" allowscriptaccess=\"always\" allowfullscreen=\"allowfullscreen\" \/><\/object><\/p>\n<p>Alma Luz\u00f3n:<br \/>\nHemos dise\u00f1ado un sal\u00f3n diferente, donde queremos que se sienta como en casa. Para ello, junto a la atenci\u00f3n de profesionales de primer nivel, hemos creado un entorno en el que la atenci\u00f3n personalizada sea clave, huyendo de la masificaci\u00f3n en la atenci\u00f3n y de las fr\u00edas decoraciones tan frecuentes hoy d\u00eda.<\/p>\n<p>Encontrar\u00e1 un ambiente ecl\u00e9ctico, en el que conviven mobiliarios de \u00faltimo dise\u00f1o con tocadores creados con consolas y c\u00f3modas antiguas, sof\u00e1s isabelinos, espejos franceses del siglo XIX y m\u00e1s sorpresas. La zona de lavado la hemos ideado como un \u00e1rea independiente para garantizar la mayor intimidad, evitando cualquier incomodidad.<\/p>\n<p>Estamos encantados tambi\u00e9n si nos acepta nuestra invitaci\u00f3n para tomarse un buen caf\u00e9 Nespresso, una infusi\u00f3n en nuestro samovar, o una copita de cava mientras se relaja en nuestro espacio pensado para usted.<\/p>\n<p>Nos consideramos especialistas en Alisado de Queratina (Keratina) o Alisado Brasile\u00f1o. Importamos directamente el producto de mayor calidad y garant\u00eda que creemos que existe hoy en el mercado. Saldr\u00e1 de nuestro sal\u00f3n sin tener que esperar 48 horas para lavar su cabello gracias a esta innovaci\u00f3n de Brasil. Sin picor de ojos, 0% formol. Su salud totalmente protegida, que es lo m\u00e1s importante para nosotros.El formol es peligroso para su salud y est\u00e1 prohibido su uso en cosm\u00e9tica capilar por la OMS por ser cancer\u00edgeno.<\/p>\n<p>Si le escuecen los ojos o le pica el cuero cabelludo, o si le ofrecen un alisado de queratina que tenga que esperar dos o tres d\u00edas para lavar su pelo, no le quepa duda: contiene formol. El Tratamiento de Keratina debe ser una experiencia positiva para usted y para su cabello. Elija s\u00f3lo profesionales de garant\u00eda.<\/p>\n<p>Tambi\u00e9n contamos con diversos tratamientos especiales para reconstruir los cabellos da\u00f1ados, resecos o con puntas abiertas: el nuevo Efecto BTX capilar, la regeneraci\u00f3n Laser Therapy o la reconstrucci\u00f3n con plancha fr\u00eda de infrarrojos y ultrasonidos.<\/p>\n<p>Para estar radiante en todo tipo de eventos, ofrecemos tambi\u00e9n maquillaje a nuestras clientas.<\/p>\n<p>Servicios especiales para novias y madrinas, con pruebas de peinado y maquillaje para estar insuperable el d\u00eda m\u00e1s importante.<\/p>\n","protected":false},"excerpt":{"rendered":"Distrito Moda se ha desplazado a visitar a Alma Luz\u00f3n , para comprobar su tratamiento de Hidrataci\u00f3n del cabello con Infrarrojos. Tutorial para \n<a class=\"moretag\" href=\"https:\/\/www.televisionalternativa.es\/000\/?p=6557\"> [...]<\/a>","protected":false},"author":14,"featured_media":6575,"comment_status":"closed","ping_status":"open","sticky":false,"template":"","format":"standard","meta":{"footnotes":""},"categories":[3,79],"tags":[1017,1014,1016,1018,1041,1013,1015],"class_list":["post-6557","post","type-post","status-publish","format-standard","has-post-thumbnail","hentry","category-blog","category-moda","tag-alma","tag-cabello","tag-capilar","tag-luzon","tag-moda","tag-pelo","tag-tratamiento"],"_links":{"self":[{"href":"https:\/\/www.televisionalternativa.es\/000\/index.php?rest_route=\/wp\/v2\/posts\/6557","targetHints":{"allow":["GET"]}}],"collection":[{"href":"https:\/\/www.televisionalternativa.es\/000\/index.php?rest_route=\/wp\/v2\/posts"}],"about":[{"href":"https:\/\/www.televisionalternativa.es\/000\/index.php?rest_route=\/wp\/v2\/types\/post"}],"author":[{"embeddable":true,"href":"https:\/\/www.televisionalternativa.es\/000\/index.php?rest_route=\/wp\/v2\/users\/14"}],"replies":[{"embeddable":true,"href":"https:\/\/www.televisionalternativa.es\/000\/index.php?rest_route=%2Fwp%2Fv2%2Fcomments&post=6557"}],"version-history":[{"count":1,"href":"https:\/\/www.televisionalternativa.es\/000\/index.php?rest_route=\/wp\/v2\/posts\/6557\/revisions"}],"predecessor-version":[{"id":6559,"href":"https:\/\/www.televisionalternativa.es\/000\/index.php?rest_route=\/wp\/v2\/posts\/6557\/revisions\/6559"}],"wp:featuredmedia":[{"embeddable":true,"href":"https:\/\/www.televisionalternativa.es\/000\/index.php?rest_route=\/wp\/v2\/media\/6575"}],"wp:attachment":[{"href":"https:\/\/www.televisionalternativa.es\/000\/index.php?rest_route=%2Fwp%2Fv2%2Fmedia&parent=6557"}],"wp:term":[{"taxonomy":"category","embeddable":true,"href":"https:\/\/www.televisionalternativa.es\/000\/index.php?rest_route=%2Fwp%2Fv2%2Fcategories&post=6557"},{"taxonomy":"post_tag","embeddable":true,"href":"https:\/\/www.televisionalternativa.es\/000\/index.php?rest_route=%2Fwp%2Fv2%2Ftags&post=6557"}],"curies":[{"name":"wp","href":"https:\/\/api.w.org\/{rel}","templated":true}]}}