{"id":6433,"date":"2015-01-19T14:29:07","date_gmt":"2015-01-19T14:29:07","guid":{"rendered":"http:\/\/www.televisionalternativa.es\/000\/?p=6433"},"modified":"2020-05-21T19:37:49","modified_gmt":"2020-05-21T19:37:49","slug":"1o-foro-mundial-por-la-paz-no-violencia-y-reconciliacion","status":"publish","type":"post","link":"https:\/\/www.televisionalternativa.es\/000\/?p=6433","title":{"rendered":"1\u00ba Foro mundial por la Paz , no violencia y reconciliaci\u00f3n."},"content":{"rendered":"<p><script type=\"text\/javascript\"><!--\ngoogle_ad_client = \"ca-pub-9550527709244125\";\n\/* 468x60, creado 4\/11\/08 *\/\ngoogle_ad_slot = \"1483193768\";\ngoogle_ad_width = 468;\ngoogle_ad_height = 60;\n\/\/-->\n<\/script><br \/>\n<script type=\"text\/javascript\"\nsrc=\"http:\/\/pagead2.googlesyndication.com\/pagead\/show_ads.js\">\n<\/script> <\/p>\n<p>A fin de crear una conciencia No Violenta y de Reconciliaci\u00f3n por todo el planeta iremos desarrollando toda una serie de actividades en el 2.015 como son talleres por la No Violencia, presentaciones de libros con debates abiertos y discusi\u00f3n, Ferias, Foros no acad\u00e9micos sino muy interactivos con la gente presente y de gran implicancia y por supuesto din\u00e1micos. Abierto a la participaci\u00f3n de instituciones, alcaldes, pol\u00edticos, embajadores, etc\u2026entornos p\u00fablicos y privados , universidades que tengan inquietudes en expresar sus cuestiones, no an\u00e9cdotas sino experiencias internas o mentales , pero tambi\u00e9n es para organizaciones sociales de base as\u00ed como la mujer y el hombre com\u00fan que bien podr\u00eda ir generando una atm\u00f3sfera de no violencia este I Foro Mundial por la paz y la Reconciliaci\u00f3n el cual se desarrollar\u00eda en un punto c\u00e9ntrico del globo como Banjul, Gambia , Africa Negra.<\/p>\n<p>Desde este comunicado agradecemos la lectura del mismo as\u00ed como invitamos a la participaci\u00f3n de toda persona o instituci\u00f3n en este recorrido planetario desde el lugar o espacio donde se encuentre, comuna, ciudad etc.\u2026y con los medios de que disponga: amigos, vecinos, Web, medios de difusi\u00f3n, alcald\u00edas, organismos p\u00fablicos o privados. Et&#8230;o simplemente con el deseo de crear un mundo mejor adentro de s\u00ed y de otros.<\/p>\n<p>Para participar : olmedoant123@hotmail.com<br \/>\nJes\u00fas Antonio Fern\u00e1ndez Olmedo.<\/p>\n<p>Sobre Jes\u00fas Antonio Fern\u00e1ndez Olmedo: <\/p>\n<p>Autor del libro Cronicas de un Viajero que se presentar\u00e1 el 21 de Febrero en Alcala de Henares.<\/p>\n<p>Libro en forma de diario, donde se relatan vivencias y experiencias. \u201cCada golpe que recibo me hace m\u00e1s l\u00facido\u201d.<\/p>\n<p>Sinopsis<\/p>\n<p>Se trata de una serie de viajes por Europa en donde el autor va describiendo sus experiencias tanto internas como externas as\u00ed como en los casos en los que va acompa\u00f1ado de amigos en donde incluye los relatos de los mismos. Un relato a veces descriptivo, a veces narrativo, otrora po\u00e9tico, puede uno seguir sus sentimientos y registros como si los experimentara uno mismo inspirado en los grandes antecesores espirituales que son los que han dejado huella en las sociedades. Experimentos que generan una experiencia muchas veces no suficientemente comprendida por el medio m\u00e1s cercano. No es s\u00f3lo conocer entornos arquitect\u00f3nicos, ciudades, tecnolog\u00eda sino llegar a las personas al ser humano en general. En los encuentros que se dan se ve siempre lo mismo seres humanos con necesidades, inquietudes, deseos y tambi\u00e9n sufrimiento en general. Unos viajes que se van recorriendo en donde parece m\u00e1s bien que el autor se va buscando a s\u00ed mismo.<\/p>\n<p>Estos viajes comenzaron con la toma de decisi\u00f3n de armar mi propio proyecto de forma independiente de los de los dem\u00e1s, con mis aciertos y errores , sin importarme mucho el fracaso, es m\u00e1s , lo intu\u00eda a \u00e9ste como una gran ayuda a la hora de avanzar internamente. Creo que uno est\u00e1 m\u00e1s all\u00e1 del resultado, de la eficacia. El proyecto es mi proyecto, ya que soy yo el que se va a morir. Pens\u00e9 que en algunos momentos ir\u00eda solo y en otros me acompa\u00f1ar\u00eda gente, de todas formas la ascesis es un camino en soledad por lo que est\u00e1 bien lo que estaba haciendo. Al principio ten\u00eda dudas y temores que a veces antes de cada viaje se hac\u00edan m\u00e1s grandes y despu\u00e9s se aflojaban, incluso, llegaba a sentirme relajado y alegre. Uno de los intereses de este trabajo es producir y avivar el intercambio con otros maestros. El objetivo de \u00e9stas incursiones no es producir resultados tal como los conocemos,( lo que para uno es un resultado para otro puede ser otra cosa), est\u00e1 bien, sabemos que los resultados son importantes pero aqu\u00ed se busca producir inspiraci\u00f3n en otros, igual que cuando un pintor pinta un cuadro no \u00e9sta pensado para que lo comprenda la gente sino porque le sale de dentro. Cre\u00ed tomar mi propio camino e ir investigando, al igual que en un laboratorio est\u00e1 el qu\u00edmico probando el encaje de diferentes productos o su desencaje en mi caso el laboratorio es Europa y los productos qu\u00edmicos los pa\u00edses de \u00e9sta regi\u00f3n. En principio intu\u00eda que mi prop\u00f3sito ten\u00eda que ver con la reconciliaci\u00f3n conmigo mismo y con otros, con la apertura al mundo, con mi avance personal, ganar en profundidad d\u00eda a d\u00eda. Quer\u00eda apartarme de lo vulgar. -Temores que se repiten: temor a la muerte por accidente (que se estrelle el avi\u00f3n) en los viajes en solitario temores a caer desmayado por una bajada de tensi\u00f3n, temor al robo, temor a no poder volver a mi casa. -Ejercicio m\u00e1s realizado: Conversi\u00f3n de im\u00e1genes negativas. -Mirada siempre puesta en el avance en el medio inmediato del lugar donde vivo, conciencia de que estas incursiones producen un impacto en ese \u00e1mbito. -Libros y personajes que me han producido inspiraci\u00f3n: \u201cLa rebeli\u00f3n de las masas de Ortega y Gasset\u201d, La obra de Silo, Confucio y su obra y Jes\u00fas como sabio.<\/p>\n<p>Cap\u00edtulo I<\/p>\n<p>En Febrero del 2012 fuimos invitados a unas jornadas en la Universidad de Granada<\/p>\n<p>Junto con otras asociaciones de tipo m\u00edstico, ecologista, pacifista , etc.\u2026 apoyadas tambi\u00e9n por el ayuntamiento de la localidad en donde participamos con un stand del mensaje de silo con amplia log\u00edstica en cuanto a libros, material informativo de los parques de estudio y reflexi\u00f3n. Fue apoyado por amigos de Madrid, Granada, C\u00e1diz y M\u00e1laga que vinieron a este \u201cencuentro de espiritualidades, \u00e9ticas y ecolog\u00eda\u201d , difundimos en Granada mediante unos 2.000 volantes. Lo destacable de esta actividad es que se trata de una de las primeras veces que el mensaje como tal se inserta en el medio junto con otras asociaciones y participamos de forma abierta. Al trabajar en equipo sent\u00eda que me cansaba m\u00e1s de lo normal y ten\u00eda a veces que tomarme \u201cespacios\u201d, momentos para relajarme y pensar. La atm\u00f3sfera fue muy cordial y amable.<\/p>\n<p>El primer viaje fue a Oslo, (Noruega), de finales de Mayo a primeros d\u00edas de Junio del 2011.<\/p>\n<p>Hubo un trabajo previo por Internet a trav\u00e9s de diferentes redes sociales tales como el tagged, facebook, env\u00edo de algunos e-mails, pero sobre todo fue con el tagged con la que logr\u00e9 de forma sistem\u00e1tica quedar con gente en una cafeter\u00eda del centro de Oslo, (previamente hab\u00eda localizado la cafeter\u00eda por el google maps, hab\u00eda chequeado la zona, no s\u00e9 exactamente que cantidad de emails enviar\u00eda puede que unos 500 aproximadamente con un breve mensaje poniendo como referencia silo.net. Me atra\u00edan los lugares en donde se hab\u00eda hecho poco o nada con el humanismo. Distribu\u00ed amplia cantidad de material del mensaje, flyers (unos 3.000), as\u00ed como algunos libros de auto liberaci\u00f3n, y otros en ingl\u00e9s. Una informativa, la chica era de origen Tailand\u00e9s, hablaba noruego y un poco de ingl\u00e9s, le di el libro del mensaje as\u00ed como folletos y recuerdo que le dije \u201cesto es para la gente, para otros\u201d enseguida ella se levant\u00f3 de la silla del caf\u00e9 y comenz\u00f3 a ir por todas las mesas repartiendo folletos e informando a los clientes as\u00ed como a los camareros. Nos hicimos algunas fotos y bueno, quedamos&#8230;<\/p>\n","protected":false},"excerpt":{"rendered":"A fin de crear una conciencia No Violenta y de Reconciliaci\u00f3n por todo el planeta iremos desarrollando toda una serie de actividades en \n<a class=\"moretag\" href=\"https:\/\/www.televisionalternativa.es\/000\/?p=6433\"> [...]<\/a>","protected":false},"author":14,"featured_media":6434,"comment_status":"closed","ping_status":"closed","sticky":false,"template":"","format":"standard","meta":{"footnotes":""},"categories":[3,257,75],"tags":[965,967,966,969,964,963,968],"class_list":["post-6433","post","type-post","status-publish","format-standard","has-post-thumbnail","hentry","category-blog","category-eventos","category-ntc","tag-escritor","tag-faz","tag-for","tag-jesus-antonio-fernandez-olmedo","tag-libro","tag-literatura","tag-no-violencia"],"_links":{"self":[{"href":"https:\/\/www.televisionalternativa.es\/000\/index.php?rest_route=\/wp\/v2\/posts\/6433","targetHints":{"allow":["GET"]}}],"collection":[{"href":"https:\/\/www.televisionalternativa.es\/000\/index.php?rest_route=\/wp\/v2\/posts"}],"about":[{"href":"https:\/\/www.televisionalternativa.es\/000\/index.php?rest_route=\/wp\/v2\/types\/post"}],"author":[{"embeddable":true,"href":"https:\/\/www.televisionalternativa.es\/000\/index.php?rest_route=\/wp\/v2\/users\/14"}],"replies":[{"embeddable":true,"href":"https:\/\/www.televisionalternativa.es\/000\/index.php?rest_route=%2Fwp%2Fv2%2Fcomments&post=6433"}],"version-history":[{"count":2,"href":"https:\/\/www.televisionalternativa.es\/000\/index.php?rest_route=\/wp\/v2\/posts\/6433\/revisions"}],"predecessor-version":[{"id":6436,"href":"https:\/\/www.televisionalternativa.es\/000\/index.php?rest_route=\/wp\/v2\/posts\/6433\/revisions\/6436"}],"wp:featuredmedia":[{"embeddable":true,"href":"https:\/\/www.televisionalternativa.es\/000\/index.php?rest_route=\/wp\/v2\/media\/6434"}],"wp:attachment":[{"href":"https:\/\/www.televisionalternativa.es\/000\/index.php?rest_route=%2Fwp%2Fv2%2Fmedia&parent=6433"}],"wp:term":[{"taxonomy":"category","embeddable":true,"href":"https:\/\/www.televisionalternativa.es\/000\/index.php?rest_route=%2Fwp%2Fv2%2Fcategories&post=6433"},{"taxonomy":"post_tag","embeddable":true,"href":"https:\/\/www.televisionalternativa.es\/000\/index.php?rest_route=%2Fwp%2Fv2%2Ftags&post=6433"}],"curies":[{"name":"wp","href":"https:\/\/api.w.org\/{rel}","templated":true}]}}