{"id":6397,"date":"2014-12-15T07:24:00","date_gmt":"2014-12-15T07:24:00","guid":{"rendered":"http:\/\/www.televisionalternativa.es\/000\/?p=6397"},"modified":"2020-05-21T19:37:49","modified_gmt":"2020-05-21T19:37:49","slug":"expocomic-2014-mas-de-30-000-visitantes","status":"publish","type":"post","link":"https:\/\/www.televisionalternativa.es\/000\/?p=6397","title":{"rendered":"Expocomic 2014 &#8211; M\u00e1s de 30.000 visitantes"},"content":{"rendered":"<p><script type=\"text\/javascript\"><!--\ngoogle_ad_client = \"ca-pub-9550527709244125\";\n\/* 468x60, creado 4\/11\/08 *\/\ngoogle_ad_slot = \"1483193768\";\ngoogle_ad_width = 468;\ngoogle_ad_height = 60;\n\/\/-->\n<\/script><br \/>\n<script type=\"text\/javascript\"\nsrc=\"http:\/\/pagead2.googlesyndication.com\/pagead\/show_ads.js\">\n<\/script> <\/p>\n<p><strong>El aperitivo del Expoc\u00f3mic<\/strong><\/p>\n<p><object width=\"640\" height=\"360\" classid=\"clsid:d27cdb6e-ae6d-11cf-96b8-444553540000\" codebase=\"http:\/\/download.macromedia.com\/pub\/shockwave\/cabs\/flash\/swflash.cab#version=6,0,40,0\"><param name=\"allowFullScreen\" value=\"true\" \/><param name=\"allowscriptaccess\" value=\"always\" \/><param name=\"src\" value=\"http:\/\/www.youtube.com\/v\/uQgxD7BYbgg&amp;autoplay=1?version=3&amp;hl=es_ES\" \/><param name=\"allowfullscreen\" value=\"true\" \/><embed width=\"640\" height=\"360\" type=\"application\/x-shockwave-flash\" src=\"http:\/\/www.youtube.com\/v\/uQgxD7BYbgg&amp;autoplay=1?version=3&amp;hl=es_ES\" allowfullscreen=\"allowfullscreen\" allowscriptaccess=\"always\" allowfullscreen=\"allowfullscreen\" \/><\/object><\/p>\n<p>M\u00e1s de 30.000 visitantes en la \u00faltima edici\u00f3n del Expocomic .<\/p>\n<p><strong>Nuestro paseo por el Expoc\u00f3mic<\/strong><\/p>\n<p><object width=\"640\" height=\"360\" classid=\"clsid:d27cdb6e-ae6d-11cf-96b8-444553540000\" codebase=\"http:\/\/download.macromedia.com\/pub\/shockwave\/cabs\/flash\/swflash.cab#version=6,0,40,0\"><param name=\"allowFullScreen\" value=\"true\" \/><param name=\"allowscriptaccess\" value=\"always\" \/><param name=\"src\" value=\"http:\/\/www.youtube.com\/v\/dR2NULJwrWg?version=3&amp;hl=es_ES\" \/><param name=\"allowfullscreen\" value=\"true\" \/><embed width=\"640\" height=\"360\" type=\"application\/x-shockwave-flash\" src=\"http:\/\/www.youtube.com\/v\/dR2NULJwrWg?version=3&amp;hl=es_ES\" allowfullscreen=\"allowfullscreen\" allowscriptaccess=\"always\" allowfullscreen=\"allowfullscreen\" \/><\/object><\/p>\n<p>Una buena organizaci\u00f3n ,una gran participaci\u00f3n de autores que se mostraron cercanos a los aficionados que se acercaron y mucha gente caracterizada de sus personajes favoritos con ganas de pasarlo bien, han hecho que la \u00faltima edici\u00f3n del sal\u00f3n internacional del tebeo de Madrid, dedicada en esta ocasi\u00f3n a las mujeres que trabajan en este g\u00e9nero , haya sido un gran exito de p\u00fablico.<\/p>\n<p>La Asociaci\u00f3n Espa\u00f1ola de Amigos del C\u00f3mic cierra el a\u00f1o con la mejor edici\u00f3n del Sal\u00f3n Internacional del Tebeo de Madrid celebrada hasta el momento , 31.320 visitantes a lo largo del fin de semana, lo que supone un aumento considerable respecto de la convocatoria anterior.<\/p>\n<p><strong>Ganadores de los Premios Expoc\u00f3mic 2014: <\/strong><\/p>\n<p>Mejor Fanzine: \u00bfQui\u00e9n Es Gilipollas?<\/p>\n<p>Mejor Autor\/a Revelaci\u00f3n: Enrique Lopez Lorenzana (Nancy in Hell: Doble Sesi\u00f3n ; Aleta Ediciones)<\/p>\n<p>Mejor WebComic o C\u00f3mic Online: Eh T\u00edo http:\/\/www.ehtio.es\/<\/p>\n<p>Mejor Dibujante Nacional: Montse Mart\u00edn (Curiosity Shop 3; Dibbuks)<\/p>\n<p>Mejor Guionista Nacional: Juan D\u00edaz Canales (Blacksad: Amarillo; Norma Editorial)<\/p>\n<p>Mejor Obra Nacional: Blacksad: Amarillo (Juan D\u00edaz Canales \/ Juanjo Guarnido; Norma Editorial)<\/p>\n<p>Mejor Obra Internacional: Bella Muerte (Kelly Sue DeConnick \/ Emma Rios; Astiberri)<\/p>\n<p>Este a\u00f1o os echamos de menos a un mont\u00f3n de los aficionados asiduos a estos eventos , que siempre aportais alegr\u00eda y buen rollo , as\u00ed que el pr\u00f3ximo no nos falleis, vosotros sois una parte muy importante sin la cual no ser\u00eda lo mismo.<\/p>\n<p>Un gran saludo y mucha felicidad a la organizaci\u00f3n , al p\u00fablico , a los youtubers que acud\u00eds , a  los voluntarios y a los kamekos de parte de nuestros reporteros y de todo el equipo de televisi\u00f3n alternativa para estas fiestas que se aproximan , porque os tenemos cari\u00f1o aunque seamos t\u00edmidos y no os lo digamos ;D<\/p>\n<p>http:\/\/www.televisionalternativa.com<br \/>\nTelevision Alternativa Servicios Audiovisuales y de Producci\u00f3n<\/p>\n<p>&nbsp;<\/p>\n<div id=\"fb-root\"><\/div>\n<p><script async=\"1\" defer=\"1\" crossorigin=\"anonymous\" src=\"https:\/\/connect.facebook.net\/de_DE\/sdk.js#xfbml=1&amp;version=v6.0\"><\/script><\/p>\n<div class=\"fb-post\" data-href=\"https:\/\/www.facebook.com\/photo.php?fbid=821493034575415&amp;set=a.821492117908840.1073741843.100001441781043&amp;type=3&amp;theater\" data-width=\"747\">\n<blockquote cite=\"https:\/\/www.facebook.com\/photo.php?fbid=821493034575415&amp;set=a.821492117908840&amp;type=3\" class=\"fb-xfbml-parse-ignore\"><p>Gepostet von <a href=\"https:\/\/www.facebook.com\/television.alternativa.7\">\u00c1ngel Ruiz<\/a> am&nbsp;<a href=\"https:\/\/www.facebook.com\/photo.php?fbid=821493034575415&amp;set=a.821492117908840&amp;type=3\">Sonntag, 14. Dezember 2014<\/a><\/p><\/blockquote>\n<\/div>\n<div id=\"fb-root\"><\/div>\n<p><script async=\"1\" defer=\"1\" crossorigin=\"anonymous\" src=\"https:\/\/connect.facebook.net\/de_DE\/sdk.js#xfbml=1&amp;version=v6.0\"><\/script><\/p>\n<div class=\"fb-post\" data-href=\"https:\/\/www.facebook.com\/photo.php?fbid=821492387908813&amp;set=a.821492117908840.1073741843.100001441781043&amp;type=3&amp;theater\" data-width=\"747\">\n<blockquote cite=\"https:\/\/www.facebook.com\/photo.php?fbid=821492387908813&amp;set=a.821492117908840&amp;type=3\" class=\"fb-xfbml-parse-ignore\"><p>Gepostet von <a href=\"https:\/\/www.facebook.com\/television.alternativa.7\">\u00c1ngel Ruiz<\/a> am&nbsp;<a href=\"https:\/\/www.facebook.com\/photo.php?fbid=821492387908813&amp;set=a.821492117908840&amp;type=3\">Sonntag, 14. Dezember 2014<\/a><\/p><\/blockquote>\n<\/div>\n<p>&nbsp;<\/p>\n<p><a title=\"Album de fotos del expocomic\" href=\"https:\/\/www.facebook.com\/media\/set\/?set=a.821492117908840.1073741843.100001441781043&amp;type=1&amp;l=173c2bc170\" target=\"_blank\" rel=\"noopener noreferrer\">Album de fotos del EXPOCOMIC completo<\/a><\/p>\n","protected":false},"excerpt":{"rendered":"El aperitivo del Expoc\u00f3mic M\u00e1s de 30.000 visitantes en la \u00faltima edici\u00f3n del Expocomic . Nuestro paseo por el Expoc\u00f3mic Una buena organizaci\u00f3n \n<a class=\"moretag\" href=\"https:\/\/www.televisionalternativa.es\/000\/?p=6397\"> [...]<\/a>","protected":false},"author":14,"featured_media":6399,"comment_status":"closed","ping_status":"open","sticky":false,"template":"","format":"standard","meta":{"footnotes":""},"categories":[3,705,17,257],"tags":[],"class_list":["post-6397","post","type-post","status-publish","format-standard","has-post-thumbnail","hentry","category-blog","category-cultura","category-entretenimiento","category-eventos"],"_links":{"self":[{"href":"https:\/\/www.televisionalternativa.es\/000\/index.php?rest_route=\/wp\/v2\/posts\/6397","targetHints":{"allow":["GET"]}}],"collection":[{"href":"https:\/\/www.televisionalternativa.es\/000\/index.php?rest_route=\/wp\/v2\/posts"}],"about":[{"href":"https:\/\/www.televisionalternativa.es\/000\/index.php?rest_route=\/wp\/v2\/types\/post"}],"author":[{"embeddable":true,"href":"https:\/\/www.televisionalternativa.es\/000\/index.php?rest_route=\/wp\/v2\/users\/14"}],"replies":[{"embeddable":true,"href":"https:\/\/www.televisionalternativa.es\/000\/index.php?rest_route=%2Fwp%2Fv2%2Fcomments&post=6397"}],"version-history":[{"count":11,"href":"https:\/\/www.televisionalternativa.es\/000\/index.php?rest_route=\/wp\/v2\/posts\/6397\/revisions"}],"predecessor-version":[{"id":8106,"href":"https:\/\/www.televisionalternativa.es\/000\/index.php?rest_route=\/wp\/v2\/posts\/6397\/revisions\/8106"}],"wp:featuredmedia":[{"embeddable":true,"href":"https:\/\/www.televisionalternativa.es\/000\/index.php?rest_route=\/wp\/v2\/media\/6399"}],"wp:attachment":[{"href":"https:\/\/www.televisionalternativa.es\/000\/index.php?rest_route=%2Fwp%2Fv2%2Fmedia&parent=6397"}],"wp:term":[{"taxonomy":"category","embeddable":true,"href":"https:\/\/www.televisionalternativa.es\/000\/index.php?rest_route=%2Fwp%2Fv2%2Fcategories&post=6397"},{"taxonomy":"post_tag","embeddable":true,"href":"https:\/\/www.televisionalternativa.es\/000\/index.php?rest_route=%2Fwp%2Fv2%2Ftags&post=6397"}],"curies":[{"name":"wp","href":"https:\/\/api.w.org\/{rel}","templated":true}]}}