{"id":6349,"date":"2014-10-24T18:24:45","date_gmt":"2014-10-24T18:24:45","guid":{"rendered":"http:\/\/www.televisionalternativa.es\/000\/?p=6349"},"modified":"2020-05-21T19:37:49","modified_gmt":"2020-05-21T19:37:49","slug":"don-quijote-y-sancho-panza-en-el-mercadillo-medieval-de-alcala-de-henares","status":"publish","type":"post","link":"https:\/\/www.televisionalternativa.es\/000\/?p=6349","title":{"rendered":"Don Quijote y Sancho Panza en el mercadillo medieval de Alcal\u00e1 de Henares"},"content":{"rendered":"<p><script type=\"text\/javascript\"><!--\ngoogle_ad_client = \"ca-pub-9550527709244125\";\n\/* 468x60, creado 4\/11\/08 *\/\ngoogle_ad_slot = \"1483193768\";\ngoogle_ad_width = 468;\ngoogle_ad_height = 60;\n\/\/-->\n<\/script><br \/>\n<script type=\"text\/javascript\"\nsrc=\"http:\/\/pagead2.googlesyndication.com\/pagead\/show_ads.js\">\n<\/script> <\/p>\n<p><object width=\"640\" height=\"360\" classid=\"clsid:d27cdb6e-ae6d-11cf-96b8-444553540000\" codebase=\"http:\/\/download.macromedia.com\/pub\/shockwave\/cabs\/flash\/swflash.cab#version=6,0,40,0\"><param name=\"allowFullScreen\" value=\"true\" \/><param name=\"allowscriptaccess\" value=\"always\" \/><param name=\"src\" value=\"http:\/\/www.youtube.com\/v\/0PDttko4WRM&amp;autoplay=1?version=3&amp;hl=es_ES\" \/><param name=\"allowfullscreen\" value=\"true\" \/><embed width=\"640\" height=\"360\" type=\"application\/x-shockwave-flash\" src=\"http:\/\/www.youtube.com\/v\/0PDttko4WRM&amp;autoplay=1?version=3&amp;hl=es_ES\" allowFullScreen=\"true\" allowscriptaccess=\"always\" allowfullscreen=\"true\" \/><\/object><\/p>\n<p>El Mercado Medieval, Mercado Cervantino o del Quijote es uno de los m\u00e1s grandes de Europa y uno de los principales eventos tur\u00edsticos de Alcal\u00e1.<\/p>\n<p>En el Mercado medieval de Alcal\u00e1 de Henares , todo el casco hist\u00f3rico se convierte en un escenario vivo que nos transporta al siglo XVII. All\u00ed podr\u00e1s disfrutar de puestos callejeros, vendedores, artesanos, figurantes, cantantes e incluso vecinos ataviados a la manera de la \u00e9poca.<\/p>\n<p>Es el m\u00e1s grande de Espa\u00f1a y de Europa, con cerca de 300.000 visitantes. Desde el a\u00f1o 2000 Alcal\u00e1 celebra el Mercado medieval en la semana que conmemora el bautismo de Miguel de Cervantes (9 de octubre de 1547) y dentro del marco de la Semana Cervantina, en la que se desarrollan actividades de diversa \u00edndole.<\/p>\n<p>Se pueden encontrar alimentos elaborados de forma artesanal, como empanadas, miel y licores, como as\u00ed tambi\u00e9n aperos, flores secas, mu\u00f1ecas de trapo, objetos esot\u00e9ricos y una gran variedad de objetos elaborados artesanalmente, en muchos casos a la vista de los visitantes.<\/p>\n<p>Hasta los mismos centros de informaci\u00f3n se adaptan al ambiente medieval, ya que todo el personal involucrado en la organizaci\u00f3n del evento, se viste con ropa de la \u00e9poca. Todos los puestos y quienes los atienden, ya sean comerciantes, artesanos o ayudantes, van vestidos con ropajes de la \u00e9poca de Cervantes.<\/p>\n<p>Los puestos se decoran de manera exhaustiva a la manera de la \u00e9poca, y el Ayuntamiento exige detalles estrictos para que esto se cumpla, como la prohibici\u00f3n de llevar relojes o joyas, o de usar el m\u00f3vil a la vista de la gente. Esto evita lo de aquella famosa an\u00e9cdota de los spaguetti western, en los que se ve\u00eda a feroces apaches con relojes brillando en las mu\u00f1ecas, lo que romp\u00eda el efecto esc\u00e9nico. Por eso, tampoco encontrar\u00e1s en el Mercado medieval de Alcal\u00e1 ning\u00fan sitio donde te entreguen lo que compres en una bolsa de pl\u00e1stico, ni ver\u00e1s a la vista nada hecho con este material. Igualmente, los puestos se cubren y decoran con telas, pieles e incluso ramas y vegetaci\u00f3n, logr\u00e1ndose un efecto muy conseguido de \u00e9poca. Todos los detalles se cuidan al m\u00e1ximo, como se ve en que no se usan balanzas actuales, sino las llamadas balanzas romanas, de hierro y pesas.<\/p>\n<p>http:\/\/www.televisionalternativa.com<br \/>\nTelevision Alternativa Servicios Audiovisuales y de Producci\u00f3n<\/p>\n","protected":false},"excerpt":{"rendered":"El Mercado Medieval, Mercado Cervantino o del Quijote es uno de los m\u00e1s grandes de Europa y uno de los principales eventos tur\u00edsticos \n<a class=\"moretag\" href=\"https:\/\/www.televisionalternativa.es\/000\/?p=6349\"> [...]<\/a>","protected":false},"author":14,"featured_media":6350,"comment_status":"closed","ping_status":"open","sticky":false,"template":"","format":"standard","meta":{"footnotes":""},"categories":[3,705,17,257],"tags":[926,398,670,925,924,929,927,928],"class_list":["post-6349","post","type-post","status-publish","format-standard","has-post-thumbnail","hentry","category-blog","category-cultura","category-entretenimiento","category-eventos","tag-alcala-de-henares","tag-feria","tag-medieval","tag-mercadillo","tag-mercado","tag-panza","tag-quijote","tag-sancho"],"_links":{"self":[{"href":"https:\/\/www.televisionalternativa.es\/000\/index.php?rest_route=\/wp\/v2\/posts\/6349","targetHints":{"allow":["GET"]}}],"collection":[{"href":"https:\/\/www.televisionalternativa.es\/000\/index.php?rest_route=\/wp\/v2\/posts"}],"about":[{"href":"https:\/\/www.televisionalternativa.es\/000\/index.php?rest_route=\/wp\/v2\/types\/post"}],"author":[{"embeddable":true,"href":"https:\/\/www.televisionalternativa.es\/000\/index.php?rest_route=\/wp\/v2\/users\/14"}],"replies":[{"embeddable":true,"href":"https:\/\/www.televisionalternativa.es\/000\/index.php?rest_route=%2Fwp%2Fv2%2Fcomments&post=6349"}],"version-history":[{"count":3,"href":"https:\/\/www.televisionalternativa.es\/000\/index.php?rest_route=\/wp\/v2\/posts\/6349\/revisions"}],"predecessor-version":[{"id":6353,"href":"https:\/\/www.televisionalternativa.es\/000\/index.php?rest_route=\/wp\/v2\/posts\/6349\/revisions\/6353"}],"wp:featuredmedia":[{"embeddable":true,"href":"https:\/\/www.televisionalternativa.es\/000\/index.php?rest_route=\/wp\/v2\/media\/6350"}],"wp:attachment":[{"href":"https:\/\/www.televisionalternativa.es\/000\/index.php?rest_route=%2Fwp%2Fv2%2Fmedia&parent=6349"}],"wp:term":[{"taxonomy":"category","embeddable":true,"href":"https:\/\/www.televisionalternativa.es\/000\/index.php?rest_route=%2Fwp%2Fv2%2Fcategories&post=6349"},{"taxonomy":"post_tag","embeddable":true,"href":"https:\/\/www.televisionalternativa.es\/000\/index.php?rest_route=%2Fwp%2Fv2%2Ftags&post=6349"}],"curies":[{"name":"wp","href":"https:\/\/api.w.org\/{rel}","templated":true}]}}