{"id":6339,"date":"2014-10-21T14:55:55","date_gmt":"2014-10-21T14:55:55","guid":{"rendered":"http:\/\/www.televisionalternativa.es\/000\/?p=6339"},"modified":"2020-05-21T19:37:50","modified_gmt":"2020-05-21T19:37:50","slug":"6339","status":"publish","type":"post","link":"https:\/\/www.televisionalternativa.es\/000\/?p=6339","title":{"rendered":"Ewa Byczkiewicz en los premios nacionales de la moda para nuevos dise\u00f1adores"},"content":{"rendered":"<p><script type=\"text\/javascript\"><!--\ngoogle_ad_client = \"ca-pub-9550527709244125\";\n\/* 468x60, creado 4\/11\/08 *\/\ngoogle_ad_slot = \"1483193768\";\ngoogle_ad_width = 468;\ngoogle_ad_height = 60;\n\/\/-->\n<\/script><br \/>\n<script type=\"text\/javascript\"\nsrc=\"http:\/\/pagead2.googlesyndication.com\/pagead\/show_ads.js\">\n<\/script> <\/p>\n<p><object width=\"640\" height=\"360\" classid=\"clsid:d27cdb6e-ae6d-11cf-96b8-444553540000\" codebase=\"http:\/\/download.macromedia.com\/pub\/shockwave\/cabs\/flash\/swflash.cab#version=6,0,40,0\"><param name=\"allowFullScreen\" value=\"true\" \/><param name=\"allowscriptaccess\" value=\"always\" \/><param name=\"src\" value=\"http:\/\/www.youtube.com\/v\/5nQfXvpAeMc&amp;autoplay=1?version=3&amp;hl=es_ES\" \/><param name=\"allowfullscreen\" value=\"true\" \/><embed width=\"640\" height=\"360\" type=\"application\/x-shockwave-flash\" src=\"http:\/\/www.youtube.com\/v\/5nQfXvpAeMc&amp;autoplay=1?version=3&amp;hl=es_ES\" allowFullScreen=\"true\" allowscriptaccess=\"always\" allowfullscreen=\"true\" \/><\/object><\/p>\n<p>La colecci\u00f3n de Ewa Byczkiewicz tuvo una gran acogida entre el p\u00fablico y la prensa especializada en los recientes premios nacionales de la moda para nuevos dise\u00f1adores.<\/p>\n","protected":false},"excerpt":{"rendered":"La colecci\u00f3n de Ewa Byczkiewicz tuvo una gran acogida entre el p\u00fablico y la prensa especializada en los recientes premios nacionales de la \n<a class=\"moretag\" href=\"https:\/\/www.televisionalternativa.es\/000\/?p=6339\"> [...]<\/a>","protected":false},"author":14,"featured_media":6340,"comment_status":"closed","ping_status":"open","sticky":false,"template":"","format":"standard","meta":{"footnotes":""},"categories":[3,257,79],"tags":[921,920,81,919,1041,136,225],"class_list":["post-6339","post","type-post","status-publish","format-standard","has-post-thumbnail","hentry","category-blog","category-eventos","category-moda","tag-byczkiewicz","tag-ewa","tag-fashion","tag-mascotas-3","tag-moda","tag-pets","tag-premios"],"_links":{"self":[{"href":"https:\/\/www.televisionalternativa.es\/000\/index.php?rest_route=\/wp\/v2\/posts\/6339","targetHints":{"allow":["GET"]}}],"collection":[{"href":"https:\/\/www.televisionalternativa.es\/000\/index.php?rest_route=\/wp\/v2\/posts"}],"about":[{"href":"https:\/\/www.televisionalternativa.es\/000\/index.php?rest_route=\/wp\/v2\/types\/post"}],"author":[{"embeddable":true,"href":"https:\/\/www.televisionalternativa.es\/000\/index.php?rest_route=\/wp\/v2\/users\/14"}],"replies":[{"embeddable":true,"href":"https:\/\/www.televisionalternativa.es\/000\/index.php?rest_route=%2Fwp%2Fv2%2Fcomments&post=6339"}],"version-history":[{"count":2,"href":"https:\/\/www.televisionalternativa.es\/000\/index.php?rest_route=\/wp\/v2\/posts\/6339\/revisions"}],"predecessor-version":[{"id":6342,"href":"https:\/\/www.televisionalternativa.es\/000\/index.php?rest_route=\/wp\/v2\/posts\/6339\/revisions\/6342"}],"wp:featuredmedia":[{"embeddable":true,"href":"https:\/\/www.televisionalternativa.es\/000\/index.php?rest_route=\/wp\/v2\/media\/6340"}],"wp:attachment":[{"href":"https:\/\/www.televisionalternativa.es\/000\/index.php?rest_route=%2Fwp%2Fv2%2Fmedia&parent=6339"}],"wp:term":[{"taxonomy":"category","embeddable":true,"href":"https:\/\/www.televisionalternativa.es\/000\/index.php?rest_route=%2Fwp%2Fv2%2Fcategories&post=6339"},{"taxonomy":"post_tag","embeddable":true,"href":"https:\/\/www.televisionalternativa.es\/000\/index.php?rest_route=%2Fwp%2Fv2%2Ftags&post=6339"}],"curies":[{"name":"wp","href":"https:\/\/api.w.org\/{rel}","templated":true}]}}