{"id":6333,"date":"2014-10-11T17:29:15","date_gmt":"2014-10-11T17:29:15","guid":{"rendered":"http:\/\/www.televisionalternativa.es\/000\/?p=6333"},"modified":"2020-05-21T19:37:50","modified_gmt":"2020-05-21T19:37:50","slug":"jornadas-municipales-sobre-catastrofes-simulacro-del-samur-en-la-base-aerea-de-cuatro-vientos","status":"publish","type":"post","link":"https:\/\/www.televisionalternativa.es\/000\/?p=6333","title":{"rendered":"Jornadas Municipales sobre cat\u00e1strofes , Simulacro del SAMUR en la Base A\u00e9rea de Cuatro Vientos"},"content":{"rendered":"<p><script type=\"text\/javascript\"><!--\ngoogle_ad_client = \"ca-pub-9550527709244125\";\n\/* 468x60, creado 4\/11\/08 *\/\ngoogle_ad_slot = \"1483193768\";\ngoogle_ad_width = 468;\ngoogle_ad_height = 60;\n\/\/-->\n<\/script><br \/>\n<script type=\"text\/javascript\"\nsrc=\"http:\/\/pagead2.googlesyndication.com\/pagead\/show_ads.js\">\n<\/script> <\/p>\n<p><object width=\"640\" height=\"360\" classid=\"clsid:d27cdb6e-ae6d-11cf-96b8-444553540000\" codebase=\"http:\/\/download.macromedia.com\/pub\/shockwave\/cabs\/flash\/swflash.cab#version=6,0,40,0\"><param name=\"allowFullScreen\" value=\"true\" \/><param name=\"allowscriptaccess\" value=\"always\" \/><param name=\"src\" value=\"http:\/\/www.youtube.com\/v\/aj30M25XViI&amp;autoplay=1?version=3&amp;hl=es_ES\" \/><param name=\"allowfullscreen\" value=\"true\" \/><embed width=\"640\" height=\"360\" type=\"application\/x-shockwave-flash\" src=\"http:\/\/www.youtube.com\/v\/aj30M25XViI&amp;autoplay=1?version=3&amp;hl=es_ES\" allowFullScreen=\"true\" allowscriptaccess=\"always\" allowfullscreen=\"true\" \/><\/object><\/p>\n<p>Acudimos a las Jornadas Municipales sobre cat\u00e1strofes, en las que el SAMUR-Protecci\u00f3n Civil del Ayuntamiento de Madrid presenta a los mejores expertos en materia de emergencias y realiza un simulacro con varios siniestros simult\u00e1neos.<\/p>\n<p>Tteniendo como escenario la Base A\u00e9rea de Cuatro Vientos,cientos de profesionales de la seguridad y las emergencias, junto con la compa\u00f1\u00eda de efectos especiales de Reyes Abades y la escuela de especialistas de cine y televisi\u00f3n de \u00c1ngel Plana, participaron en la representaci\u00f3n de varios siniestros simult\u00e1neos.<\/p>\n<p>Ante la atenta mirada de personalidades y de miles de personas, la Base de A\u00e9rea de Cuatro Vientos se convirti\u00f3 en un gran escenario de accidentes, tiroteos ,explosiones, fuego e intensas cortinas de humo, cuyo objeto principal fue poner en pr\u00e1ctica la coordinaci\u00f3n de la actividad de los diferentes servicios de emergencia ante los accidentes con m\u00faltiples v\u00edctimas. <\/p>\n<p>Los que acudimos pudimos ver el gran trabajo y la coordinaci\u00f3n de todos los profesionales que participan en una emergencia de gran envergadura y peligro para la poblaci\u00f3n, as\u00ed como los m\u00e9todos para contrarrestarla. <\/p>\n","protected":false},"excerpt":{"rendered":"Acudimos a las Jornadas Municipales sobre cat\u00e1strofes, en las que el SAMUR-Protecci\u00f3n Civil del Ayuntamiento de Madrid presenta a los mejores expertos en \n<a class=\"moretag\" href=\"https:\/\/www.televisionalternativa.es\/000\/?p=6333\"> [...]<\/a>","protected":false},"author":14,"featured_media":6334,"comment_status":"closed","ping_status":"open","sticky":false,"template":"","format":"standard","meta":{"footnotes":""},"categories":[3,63,257,75],"tags":[875,914,915,916,654,917,918,913,457,912],"class_list":["post-6333","post","type-post","status-publish","format-standard","has-post-thumbnail","hentry","category-blog","category-cine","category-eventos","category-ntc","tag-875","tag-accidentes","tag-ambulancias","tag-bomberos","tag-catastrofes","tag-explosiones","tag-fuego","tag-jornadas","tag-policia","tag-samur"],"_links":{"self":[{"href":"https:\/\/www.televisionalternativa.es\/000\/index.php?rest_route=\/wp\/v2\/posts\/6333","targetHints":{"allow":["GET"]}}],"collection":[{"href":"https:\/\/www.televisionalternativa.es\/000\/index.php?rest_route=\/wp\/v2\/posts"}],"about":[{"href":"https:\/\/www.televisionalternativa.es\/000\/index.php?rest_route=\/wp\/v2\/types\/post"}],"author":[{"embeddable":true,"href":"https:\/\/www.televisionalternativa.es\/000\/index.php?rest_route=\/wp\/v2\/users\/14"}],"replies":[{"embeddable":true,"href":"https:\/\/www.televisionalternativa.es\/000\/index.php?rest_route=%2Fwp%2Fv2%2Fcomments&post=6333"}],"version-history":[{"count":1,"href":"https:\/\/www.televisionalternativa.es\/000\/index.php?rest_route=\/wp\/v2\/posts\/6333\/revisions"}],"predecessor-version":[{"id":6335,"href":"https:\/\/www.televisionalternativa.es\/000\/index.php?rest_route=\/wp\/v2\/posts\/6333\/revisions\/6335"}],"wp:featuredmedia":[{"embeddable":true,"href":"https:\/\/www.televisionalternativa.es\/000\/index.php?rest_route=\/wp\/v2\/media\/6334"}],"wp:attachment":[{"href":"https:\/\/www.televisionalternativa.es\/000\/index.php?rest_route=%2Fwp%2Fv2%2Fmedia&parent=6333"}],"wp:term":[{"taxonomy":"category","embeddable":true,"href":"https:\/\/www.televisionalternativa.es\/000\/index.php?rest_route=%2Fwp%2Fv2%2Fcategories&post=6333"},{"taxonomy":"post_tag","embeddable":true,"href":"https:\/\/www.televisionalternativa.es\/000\/index.php?rest_route=%2Fwp%2Fv2%2Ftags&post=6333"}],"curies":[{"name":"wp","href":"https:\/\/api.w.org\/{rel}","templated":true}]}}