{"id":6299,"date":"2014-09-06T17:56:02","date_gmt":"2014-09-06T17:56:02","guid":{"rendered":"http:\/\/www.televisionalternativa.es\/000\/?p=6299"},"modified":"2020-05-21T19:37:50","modified_gmt":"2020-05-21T19:37:50","slug":"se-celebra-en-jerez-de-la-frontera-la-primera-supercon","status":"publish","type":"post","link":"https:\/\/www.televisionalternativa.es\/000\/?p=6299","title":{"rendered":"Se celebra en Jerez de la Frontera la primera SUPERCON"},"content":{"rendered":"<p><script type=\"text\/javascript\"><!--\ngoogle_ad_client = \"ca-pub-9550527709244125\";\n\/* 468x60, creado 4\/11\/08 *\/\ngoogle_ad_slot = \"1483193768\";\ngoogle_ad_width = 468;\ngoogle_ad_height = 60;\n\/\/-->\n<\/script><br \/>\n<script type=\"text\/javascript\"\nsrc=\"http:\/\/pagead2.googlesyndication.com\/pagead\/show_ads.js\">\n<\/script> <\/p>\n<p>El Video juego, el comic y el manga tienen una nueva cita en Jerez de la Frontera (C\u00e1diz) en la SUPERCON que se celebrar\u00e1 en IFECA del 26 al 28 de septiembre. Nuestras principales metas son hacer valer el concepto de \u201cevento l\u00fadico y cultural de proximidad\u201d cercano, original e innovador, hacerlo llegar a la mayor cantidad posible de gente.<\/p>\n<p>Es la primera vez que se celebra una feria de esta calidad con el comic, la ilustraci\u00f3n, los videojuegos y el manga como protagonistas juntos en Jerez de la Frontera. Un evento que tiene la intenci\u00f3n de celebrarse todos los a\u00f1os en esta localidad gaditana para darle mayor color a la vuelta de las vacaciones.<\/p>\n<p>SUPERCON est\u00e1 organizada por la Asociaci\u00f3n andaluza ALCE y cuenta con el apoyo de diversas asociaciones de Andaluc\u00eda y especialmente de C\u00e1diz. La espectaci\u00f3n ha sido tan impactante que ya han recibido peticiones de entradas desde Arag\u00f3n o Catalu\u00f1a.<\/p>\n<p>Durante estos tres d\u00edas se desarrollar\u00e1n m\u00e1s de 200 actividades ininterrumpidamente relacionadas con los videojuegos y el comic. Torneos, charlas magistrales, firmas de autores y entretenimiento, mucho entretenimiento para todos los asistentes. Se convierte as\u00ed en uno de los eventos con mayor n\u00famero de actividades de las celebradas en la provincia gaditana. No faltar\u00e1n el concurso de cosplay (con premio en met\u00e1lico), karaoke, soft combat y diferentes torneos.<\/p>\n<p>SUPERCON tambi\u00e9n ofrecer\u00e1 una zona profesional de intercambio entre los profesionales del sector y de stands comerciales que ofrecer\u00e1n los productos m\u00e1s novedosos dentro de esta forma de ocio cultural.<\/p>\n<p>Este evento, SUPERCON, cuenta adem\u00e1s con un callej\u00f3n de artistas donde estar\u00e1n presentes los m\u00e1s importantes dibujantes e ilustradores espa\u00f1oles, mostrando y desarrollando su trabajo.<\/p>\n<p>Las entradas para el evento ya se pueden adquirir a 4 \u20ac un d\u00eda, 7\u20ac por dos d\u00edas y 9 \u20ac las tres jornadas.<\/p>\n<p>Invitados:<\/p>\n<p>Hasta el momento estos son los invitados de este evento, al que se ir\u00e1n sumando m\u00e1s firmas del comic nacional. Firmar\u00e1n sus obras e impartir\u00e1n cursos dentro del recinto para compartir as\u00ed su experiencia profesional con todos los aficionados.<\/p>\n<p><a href=\"https:\/\/www.televisionalternativa.es\/000\/wp-content\/uploads\/2014\/09\/Francis.jpg\"><img loading=\"lazy\" decoding=\"async\" class=\"size-medium wp-image-6300 aligncenter\" src=\"https:\/\/www.televisionalternativa.es\/000\/wp-content\/uploads\/2014\/09\/Francis-300x266.jpg\" alt=\"Francis\" width=\"300\" height=\"266\" srcset=\"https:\/\/www.televisionalternativa.es\/000\/wp-content\/uploads\/2014\/09\/Francis-300x266.jpg 300w, https:\/\/www.televisionalternativa.es\/000\/wp-content\/uploads\/2014\/09\/Francis.jpg 450w\" sizes=\"auto, (max-width: 300px) 100vw, 300px\" \/><\/a><\/p>\n<p><a href=\"https:\/\/www.televisionalternativa.es\/000\/wp-content\/uploads\/2014\/09\/Javier.jpg\"><img loading=\"lazy\" decoding=\"async\" class=\"size-medium wp-image-6301 aligncenter\" src=\"https:\/\/www.televisionalternativa.es\/000\/wp-content\/uploads\/2014\/09\/Javier-300x266.jpg\" alt=\"Javier\" width=\"300\" height=\"266\" srcset=\"https:\/\/www.televisionalternativa.es\/000\/wp-content\/uploads\/2014\/09\/Javier-300x266.jpg 300w, https:\/\/www.televisionalternativa.es\/000\/wp-content\/uploads\/2014\/09\/Javier.jpg 450w\" sizes=\"auto, (max-width: 300px) 100vw, 300px\" \/><\/a><\/p>\n<p><a href=\"https:\/\/www.televisionalternativa.es\/000\/wp-content\/uploads\/2014\/09\/jesulink.jpg\"><img loading=\"lazy\" decoding=\"async\" class=\"alignleft size-medium wp-image-6302\" src=\"https:\/\/www.televisionalternativa.es\/000\/wp-content\/uploads\/2014\/09\/jesulink-300x217.jpg\" alt=\"jesulink\" width=\"300\" height=\"217\" srcset=\"https:\/\/www.televisionalternativa.es\/000\/wp-content\/uploads\/2014\/09\/jesulink-300x217.jpg 300w, https:\/\/www.televisionalternativa.es\/000\/wp-content\/uploads\/2014\/09\/jesulink.jpg 457w\" sizes=\"auto, (max-width: 300px) 100vw, 300px\" \/><\/a><\/p>\n<p><a href=\"https:\/\/www.televisionalternativa.es\/000\/wp-content\/uploads\/2014\/09\/javieraranda.jpg\"><img loading=\"lazy\" decoding=\"async\" class=\"alignleft size-medium wp-image-6303\" src=\"https:\/\/www.televisionalternativa.es\/000\/wp-content\/uploads\/2014\/09\/javieraranda-300x217.jpg\" alt=\"javieraranda\" width=\"300\" height=\"217\" srcset=\"https:\/\/www.televisionalternativa.es\/000\/wp-content\/uploads\/2014\/09\/javieraranda-300x217.jpg 300w, https:\/\/www.televisionalternativa.es\/000\/wp-content\/uploads\/2014\/09\/javieraranda.jpg 457w\" sizes=\"auto, (max-width: 300px) 100vw, 300px\" \/><\/a><\/p>\n","protected":false},"excerpt":{"rendered":"El Video juego, el comic y el manga tienen una nueva cita en Jerez de la Frontera (C\u00e1diz) en la SUPERCON que se \n<a class=\"moretag\" href=\"https:\/\/www.televisionalternativa.es\/000\/?p=6299\"> [...]<\/a>","protected":false},"author":14,"featured_media":6308,"comment_status":"closed","ping_status":"open","sticky":false,"template":"","format":"standard","meta":{"footnotes":""},"categories":[3,705,17,257],"tags":[446,403,402,164],"class_list":["post-6299","post","type-post","status-publish","format-standard","has-post-thumbnail","hentry","category-blog","category-cultura","category-entretenimiento","category-eventos","tag-comic","tag-cosplay","tag-manga","tag-videojuegos-3"],"_links":{"self":[{"href":"https:\/\/www.televisionalternativa.es\/000\/index.php?rest_route=\/wp\/v2\/posts\/6299","targetHints":{"allow":["GET"]}}],"collection":[{"href":"https:\/\/www.televisionalternativa.es\/000\/index.php?rest_route=\/wp\/v2\/posts"}],"about":[{"href":"https:\/\/www.televisionalternativa.es\/000\/index.php?rest_route=\/wp\/v2\/types\/post"}],"author":[{"embeddable":true,"href":"https:\/\/www.televisionalternativa.es\/000\/index.php?rest_route=\/wp\/v2\/users\/14"}],"replies":[{"embeddable":true,"href":"https:\/\/www.televisionalternativa.es\/000\/index.php?rest_route=%2Fwp%2Fv2%2Fcomments&post=6299"}],"version-history":[{"count":3,"href":"https:\/\/www.televisionalternativa.es\/000\/index.php?rest_route=\/wp\/v2\/posts\/6299\/revisions"}],"predecessor-version":[{"id":6307,"href":"https:\/\/www.televisionalternativa.es\/000\/index.php?rest_route=\/wp\/v2\/posts\/6299\/revisions\/6307"}],"wp:featuredmedia":[{"embeddable":true,"href":"https:\/\/www.televisionalternativa.es\/000\/index.php?rest_route=\/wp\/v2\/media\/6308"}],"wp:attachment":[{"href":"https:\/\/www.televisionalternativa.es\/000\/index.php?rest_route=%2Fwp%2Fv2%2Fmedia&parent=6299"}],"wp:term":[{"taxonomy":"category","embeddable":true,"href":"https:\/\/www.televisionalternativa.es\/000\/index.php?rest_route=%2Fwp%2Fv2%2Fcategories&post=6299"},{"taxonomy":"post_tag","embeddable":true,"href":"https:\/\/www.televisionalternativa.es\/000\/index.php?rest_route=%2Fwp%2Fv2%2Ftags&post=6299"}],"curies":[{"name":"wp","href":"https:\/\/api.w.org\/{rel}","templated":true}]}}