{"id":6290,"date":"2014-09-04T15:34:39","date_gmt":"2014-09-04T15:34:39","guid":{"rendered":"http:\/\/www.televisionalternativa.es\/000\/?p=6290"},"modified":"2020-05-21T19:37:50","modified_gmt":"2020-05-21T19:37:50","slug":"noticias-para-la-japan-weekend-madrid-que-se-celebrara-el-20-y-21-de-septiembre","status":"publish","type":"post","link":"https:\/\/www.televisionalternativa.es\/000\/?p=6290","title":{"rendered":"Noticias para la Japan weekend Madrid que se celebrar\u00e1 el 20 y 21 de septiembre"},"content":{"rendered":"<p><script type=\"text\/javascript\"><!--\ngoogle_ad_client = \"ca-pub-9550527709244125\";\n\/* 468x60, creado 4\/11\/08 *\/\ngoogle_ad_slot = \"1483193768\";\ngoogle_ad_width = 468;\ngoogle_ad_height = 60;\n\/\/-->\n<\/script><br \/>\n<script type=\"text\/javascript\"\nsrc=\"http:\/\/pagead2.googlesyndication.com\/pagead\/show_ads.js\">\n<\/script><br \/>\nUna de las ultimas estrellas que ha circulado por internet acudir\u00e1 al Japan Weekend Madrid los d\u00edas 20 y 21 de septiembre en la Casa de Campo.<\/p>\n<p>Y el invitado es Hideaki Kobayashi, puede que no sep\u00e1is de quien se trata pero tambi\u00e9n es conocido como el abuelo colegiala o sailor fuku-ojisan (\u30bb\u30fc\u30e9\u30fc\u670d\u304a\u3058\u3055\u3093).<\/p>\n<p>Adem\u00e1s de famoso por fotografiarse en numerosos lugares de Jap\u00f3n y de otros eventos en el extranjero tambi\u00e9n ha sido llamado para impartir charlas para el para el apoyo en los estudios de acceso a la universidad.<\/p>\n<p><a href=\"https:\/\/www.televisionalternativa.es\/000\/wp-content\/uploads\/2014\/09\/cid_ii_1485aaf9efff2d03.gif\"><img loading=\"lazy\" decoding=\"async\" src=\"https:\/\/www.televisionalternativa.es\/000\/wp-content\/uploads\/2014\/09\/cid_ii_1485aaf9efff2d03-300x168.gif\" alt=\"!cid_ii_1485aaf9efff2d03\" width=\"300\" height=\"168\" class=\"alignleft size-medium wp-image-6310\" \/><\/a><\/p>\n<p><a href=\"https:\/\/www.televisionalternativa.es\/000\/wp-content\/uploads\/2014\/09\/Airplane.jpg\"><img loading=\"lazy\" decoding=\"async\" src=\"https:\/\/www.televisionalternativa.es\/000\/wp-content\/uploads\/2014\/09\/Airplane-300x200.jpg\" alt=\"Airplane\" width=\"300\" height=\"200\" class=\"alignleft size-medium wp-image-6312\" srcset=\"https:\/\/www.televisionalternativa.es\/000\/wp-content\/uploads\/2014\/09\/Airplane-300x200.jpg 300w, https:\/\/www.televisionalternativa.es\/000\/wp-content\/uploads\/2014\/09\/Airplane.jpg 960w\" sizes=\"auto, (max-width: 300px) 100vw, 300px\" \/><\/a><\/p>\n<p><a href=\"https:\/\/www.televisionalternativa.es\/000\/wp-content\/uploads\/2014\/09\/Figure140904_05.jpg\"><img loading=\"lazy\" decoding=\"async\" src=\"https:\/\/www.televisionalternativa.es\/000\/wp-content\/uploads\/2014\/09\/Figure140904_05-224x300.jpg\" alt=\"Figure140904_05\" width=\"224\" height=\"300\" class=\"alignleft size-medium wp-image-6313\" srcset=\"https:\/\/www.televisionalternativa.es\/000\/wp-content\/uploads\/2014\/09\/Figure140904_05-224x300.jpg 224w, https:\/\/www.televisionalternativa.es\/000\/wp-content\/uploads\/2014\/09\/Figure140904_05.jpg 539w\" sizes=\"auto, (max-width: 224px) 100vw, 224px\" \/><\/a><\/p>\n<p>El mangaka japon\u00e9s Red Ribbon Revenge, autor del cartel del VIII Japan Weekend Madrid 2.0, asistir\u00e1 al VIII Japan Weekend Madrid como invitado. Podr\u00e9is conocerle adem\u00e1s de poder adquirir alguno de sus \u00faltimos trabajos.<\/p>\n<p>\u00a1Una oportunidad \u00fanica para conocerle!<\/p>\n<p><a href=\"https:\/\/www.televisionalternativa.es\/000\/wp-content\/uploads\/2014\/09\/10562685_768048339926611_2372162697856659604_o.jpg\"><img loading=\"lazy\" decoding=\"async\" src=\"https:\/\/www.televisionalternativa.es\/000\/wp-content\/uploads\/2014\/09\/10562685_768048339926611_2372162697856659604_o-212x300.jpg\" alt=\"10562685_768048339926611_2372162697856659604_o\" width=\"212\" height=\"300\" class=\"alignleft size-medium wp-image-6291\" srcset=\"https:\/\/www.televisionalternativa.es\/000\/wp-content\/uploads\/2014\/09\/10562685_768048339926611_2372162697856659604_o-212x300.jpg 212w, https:\/\/www.televisionalternativa.es\/000\/wp-content\/uploads\/2014\/09\/10562685_768048339926611_2372162697856659604_o.jpg 300w\" sizes=\"auto, (max-width: 212px) 100vw, 212px\" \/><\/a><\/p>\n<p>Gracias a la colaboraci\u00f3n entre la Editorial Japonesa KODANSHA, las empresas que en Espa\u00f1a tienen la licencia del Manga y el Anime de \u00abAtaque a los Titanes\u00bb, Norma Editorial y Selecta Visi\u00f3n respectivamente, y la organizaci\u00f3n del evento Japan Weekend Madrid que nos ha cedido sus espacios para la promoci\u00f3n, llega a Espa\u00f1a la cabeza del TITAN COLOSAL a TAMA\u00d1O REAL para el disfrute de todos los fans de ATAQUE A LOS TITANES.<\/p>\n<p><a href=\"https:\/\/www.televisionalternativa.es\/000\/wp-content\/uploads\/2014\/09\/IMG_16621.jpg\"><img loading=\"lazy\" decoding=\"async\" src=\"https:\/\/www.televisionalternativa.es\/000\/wp-content\/uploads\/2014\/09\/IMG_16621-300x225.jpg\" alt=\"IMG_1662\" width=\"300\" height=\"225\" class=\"alignleft size-medium wp-image-6293\" srcset=\"https:\/\/www.televisionalternativa.es\/000\/wp-content\/uploads\/2014\/09\/IMG_16621-300x225.jpg 300w, https:\/\/www.televisionalternativa.es\/000\/wp-content\/uploads\/2014\/09\/IMG_16621.jpg 600w\" sizes=\"auto, (max-width: 300px) 100vw, 300px\" \/><\/a><\/p>\n<p>Cage Cosplay asistir\u00e1 al pr\u00f3ximo Japan Weekend Madrid en septiembre; formar\u00e1 parte del jurado y ofrecer\u00e1 diversos talleres que pronto anunciaremos. <\/p>\n<p><a href=\"https:\/\/www.televisionalternativa.es\/000\/wp-content\/uploads\/2014\/09\/cage-cosplay.jpg\"><img loading=\"lazy\" decoding=\"async\" src=\"https:\/\/www.televisionalternativa.es\/000\/wp-content\/uploads\/2014\/09\/cage-cosplay-300x199.jpg\" alt=\"cage-cosplay\" width=\"300\" height=\"199\" class=\"alignleft size-medium wp-image-6296\" srcset=\"https:\/\/www.televisionalternativa.es\/000\/wp-content\/uploads\/2014\/09\/cage-cosplay-300x199.jpg 300w, https:\/\/www.televisionalternativa.es\/000\/wp-content\/uploads\/2014\/09\/cage-cosplay.jpg 600w\" sizes=\"auto, (max-width: 300px) 100vw, 300px\" \/><\/a><\/p>\n<p>Recordad que el VIII Japan Weekend Madrid 2014 se celebra los d\u00edas 20 y 21 de Septiembre en el Recinto Ferial de la Casa de Campo de Madrid, Pabell\u00f3n de Cristal, Avenida de Portugal s\/n. 28011 Madrid. \u00a1Os esperamos a todos!<\/p>\n","protected":false},"excerpt":{"rendered":"Una de las ultimas estrellas que ha circulado por internet acudir\u00e1 al Japan Weekend Madrid los d\u00edas 20 y 21 de septiembre en \n<a class=\"moretag\" href=\"https:\/\/www.televisionalternativa.es\/000\/?p=6290\"> [...]<\/a>","protected":false},"author":14,"featured_media":6293,"comment_status":"closed","ping_status":"open","sticky":false,"template":"","format":"standard","meta":{"footnotes":""},"categories":[3,705,257,75],"tags":[497,402,109,908,907],"class_list":["post-6290","post","type-post","status-publish","format-standard","has-post-thumbnail","hentry","category-blog","category-cultura","category-eventos","category-ntc","tag-japan","tag-manga","tag-red","tag-ribbon","tag-weekenden"],"_links":{"self":[{"href":"https:\/\/www.televisionalternativa.es\/000\/index.php?rest_route=\/wp\/v2\/posts\/6290","targetHints":{"allow":["GET"]}}],"collection":[{"href":"https:\/\/www.televisionalternativa.es\/000\/index.php?rest_route=\/wp\/v2\/posts"}],"about":[{"href":"https:\/\/www.televisionalternativa.es\/000\/index.php?rest_route=\/wp\/v2\/types\/post"}],"author":[{"embeddable":true,"href":"https:\/\/www.televisionalternativa.es\/000\/index.php?rest_route=\/wp\/v2\/users\/14"}],"replies":[{"embeddable":true,"href":"https:\/\/www.televisionalternativa.es\/000\/index.php?rest_route=%2Fwp%2Fv2%2Fcomments&post=6290"}],"version-history":[{"count":5,"href":"https:\/\/www.televisionalternativa.es\/000\/index.php?rest_route=\/wp\/v2\/posts\/6290\/revisions"}],"predecessor-version":[{"id":6309,"href":"https:\/\/www.televisionalternativa.es\/000\/index.php?rest_route=\/wp\/v2\/posts\/6290\/revisions\/6309"}],"wp:featuredmedia":[{"embeddable":true,"href":"https:\/\/www.televisionalternativa.es\/000\/index.php?rest_route=\/wp\/v2\/media\/6293"}],"wp:attachment":[{"href":"https:\/\/www.televisionalternativa.es\/000\/index.php?rest_route=%2Fwp%2Fv2%2Fmedia&parent=6290"}],"wp:term":[{"taxonomy":"category","embeddable":true,"href":"https:\/\/www.televisionalternativa.es\/000\/index.php?rest_route=%2Fwp%2Fv2%2Fcategories&post=6290"},{"taxonomy":"post_tag","embeddable":true,"href":"https:\/\/www.televisionalternativa.es\/000\/index.php?rest_route=%2Fwp%2Fv2%2Ftags&post=6290"}],"curies":[{"name":"wp","href":"https:\/\/api.w.org\/{rel}","templated":true}]}}