{"id":6284,"date":"2014-09-04T15:14:09","date_gmt":"2014-09-04T15:14:09","guid":{"rendered":"http:\/\/www.televisionalternativa.es\/000\/?p=6284"},"modified":"2020-05-21T19:37:50","modified_gmt":"2020-05-21T19:37:50","slug":"los-especialistas-de-cine-espanoles-consiguen-la-medalla-de-honor-prometheus-en-el-festival-internacional-mas-importante-del-sector","status":"publish","type":"post","link":"https:\/\/www.televisionalternativa.es\/000\/?p=6284","title":{"rendered":"Los especialistas de cine espa\u00f1oles consiguen la medalla de honor \u00abPrometheus\u00bb en el festival internacional  m\u00e1s importante del sector."},"content":{"rendered":"<p><script type=\"text\/javascript\"><!--\ngoogle_ad_client = \"ca-pub-9550527709244125\";\n\/* 468x60, creado 4\/11\/08 *\/\ngoogle_ad_slot = \"1483193768\";\ngoogle_ad_width = 468;\ngoogle_ad_height = 60;\n\/\/-->\n<\/script><br \/>\n<script type=\"text\/javascript\"\nsrc=\"http:\/\/pagead2.googlesyndication.com\/pagead\/show_ads.js\">\n<\/script> <\/p>\n<p style=\"text-align: left;\">El equipo que represent\u00f3 a Espa\u00f1a la pasada semana en Seb\u00e1stopol, se alza con la Medalla de Honor \u00abPrometheus\u00bb a las acciones m\u00e1s arriesgadas, el m\u00e1s prestigioso galard\u00f3n que otorga la Academia Rusa de Especialistas.<\/p>\n<p style=\"text-align: left;\"><a href=\"https:\/\/www.televisionalternativa.es\/000\/wp-content\/uploads\/2014\/09\/52671737-4006-44bc-8af8-9de446f3bf67.jpg\"><img loading=\"lazy\" decoding=\"async\" class=\"alignleft  wp-image-6285\" src=\"https:\/\/www.televisionalternativa.es\/000\/wp-content\/uploads\/2014\/09\/52671737-4006-44bc-8af8-9de446f3bf67-300x172.jpg\" alt=\"52671737-4006-44bc-8af8-9de446f3bf67\" width=\"310\" height=\"172\" \/><\/a><\/p>\n<p style=\"text-align: left;\">El doble vuelco de coches (record del mundo) de \u00c1ngel Plana, el salto doble desde 63 metros de altura (record de Espa\u00f1a) de Diego \u00c1lvarez y Alejandro Bertero y la espectacularca\u00edda de moto de este \u00faltimo atravesando un pasillo de fuego de 5 metros, hicieron las delicias del jurado y de los m\u00e1s de 10.000 espectadores que presenciaban las acciones en directo; y a pesar de que el atropello planeado de Adri\u00e1n de Cea no se pudiera llevar a cabo, debido a un fallo t\u00e9cnico del veh\u00edculo en el \u00faltimo instante, el equipo demostr\u00f3 que a los especialistas espa\u00f1oles les va el riesgo y que est\u00e1n en plena forma.<\/p>\n<p><a href=\"https:\/\/www.televisionalternativa.es\/000\/wp-content\/uploads\/2014\/09\/f5c9466f-5357-4cf7-b58f-1f1854642ea8.jpg\"><img loading=\"lazy\" decoding=\"async\" class=\"alignleft size-medium wp-image-6286\" src=\"https:\/\/www.televisionalternativa.es\/000\/wp-content\/uploads\/2014\/09\/f5c9466f-5357-4cf7-b58f-1f1854642ea8-300x248.jpg\" alt=\"f5c9466f-5357-4cf7-b58f-1f1854642ea8\" width=\"300\" height=\"248\" srcset=\"https:\/\/www.televisionalternativa.es\/000\/wp-content\/uploads\/2014\/09\/f5c9466f-5357-4cf7-b58f-1f1854642ea8-300x248.jpg 300w, https:\/\/www.televisionalternativa.es\/000\/wp-content\/uploads\/2014\/09\/f5c9466f-5357-4cf7-b58f-1f1854642ea8.jpg 861w\" sizes=\"auto, (max-width: 300px) 100vw, 300px\" \/><\/a><\/p>\n<p><a href=\"https:\/\/www.televisionalternativa.es\/000\/wp-content\/uploads\/2014\/09\/dc84da78-575f-4539-af5e-bf7ec5348a2f.jpg\"><img loading=\"lazy\" decoding=\"async\" class=\"size-medium wp-image-6287 alignright\" src=\"https:\/\/www.televisionalternativa.es\/000\/wp-content\/uploads\/2014\/09\/dc84da78-575f-4539-af5e-bf7ec5348a2f-300x241.jpg\" alt=\"dc84da78-575f-4539-af5e-bf7ec5348a2f\" width=\"300\" height=\"241\" srcset=\"https:\/\/www.televisionalternativa.es\/000\/wp-content\/uploads\/2014\/09\/dc84da78-575f-4539-af5e-bf7ec5348a2f-300x241.jpg 300w, https:\/\/www.televisionalternativa.es\/000\/wp-content\/uploads\/2014\/09\/dc84da78-575f-4539-af5e-bf7ec5348a2f-1024x824.jpg 1024w, https:\/\/www.televisionalternativa.es\/000\/wp-content\/uploads\/2014\/09\/dc84da78-575f-4539-af5e-bf7ec5348a2f.jpg 1060w\" sizes=\"auto, (max-width: 300px) 100vw, 300px\" \/><\/a><\/p>\n<p>Esta era la primera vez que un equipo espa\u00f1ol participaba en el festival, \u00fanico en el mundo, y el resultado no ha podido ser mejor: la Medalla de Honor sit\u00faa a nuestros especialistas entre la \u00e9lite mundial y pone en el punto de mira internacional a los profesionales del cine, la televisi\u00f3n y la publicidad de nuestro pa\u00eds. <\/p>\n","protected":false},"excerpt":{"rendered":"El equipo que represent\u00f3 a Espa\u00f1a la pasada semana en Seb\u00e1stopol, se alza con la Medalla de Honor \u00abPrometheus\u00bb a las acciones m\u00e1s \n<a class=\"moretag\" href=\"https:\/\/www.televisionalternativa.es\/000\/?p=6284\"> [...]<\/a>","protected":false},"author":14,"featured_media":6285,"comment_status":"closed","ping_status":"open","sticky":false,"template":"","format":"standard","meta":{"footnotes":""},"categories":[3,63,75],"tags":[461,340,906],"class_list":["post-6284","post","type-post","status-publish","format-standard","has-post-thumbnail","hentry","category-blog","category-cine","category-ntc","tag-especialistas","tag-festival","tag-prometheus"],"_links":{"self":[{"href":"https:\/\/www.televisionalternativa.es\/000\/index.php?rest_route=\/wp\/v2\/posts\/6284","targetHints":{"allow":["GET"]}}],"collection":[{"href":"https:\/\/www.televisionalternativa.es\/000\/index.php?rest_route=\/wp\/v2\/posts"}],"about":[{"href":"https:\/\/www.televisionalternativa.es\/000\/index.php?rest_route=\/wp\/v2\/types\/post"}],"author":[{"embeddable":true,"href":"https:\/\/www.televisionalternativa.es\/000\/index.php?rest_route=\/wp\/v2\/users\/14"}],"replies":[{"embeddable":true,"href":"https:\/\/www.televisionalternativa.es\/000\/index.php?rest_route=%2Fwp%2Fv2%2Fcomments&post=6284"}],"version-history":[{"count":2,"href":"https:\/\/www.televisionalternativa.es\/000\/index.php?rest_route=\/wp\/v2\/posts\/6284\/revisions"}],"predecessor-version":[{"id":6289,"href":"https:\/\/www.televisionalternativa.es\/000\/index.php?rest_route=\/wp\/v2\/posts\/6284\/revisions\/6289"}],"wp:featuredmedia":[{"embeddable":true,"href":"https:\/\/www.televisionalternativa.es\/000\/index.php?rest_route=\/wp\/v2\/media\/6285"}],"wp:attachment":[{"href":"https:\/\/www.televisionalternativa.es\/000\/index.php?rest_route=%2Fwp%2Fv2%2Fmedia&parent=6284"}],"wp:term":[{"taxonomy":"category","embeddable":true,"href":"https:\/\/www.televisionalternativa.es\/000\/index.php?rest_route=%2Fwp%2Fv2%2Fcategories&post=6284"},{"taxonomy":"post_tag","embeddable":true,"href":"https:\/\/www.televisionalternativa.es\/000\/index.php?rest_route=%2Fwp%2Fv2%2Ftags&post=6284"}],"curies":[{"name":"wp","href":"https:\/\/api.w.org\/{rel}","templated":true}]}}