{"id":6229,"date":"2014-07-03T22:56:24","date_gmt":"2014-07-03T22:56:24","guid":{"rendered":"http:\/\/www.televisionalternativa.es\/000\/?p=6229"},"modified":"2020-05-21T19:37:50","modified_gmt":"2020-05-21T19:37:50","slug":"mulafest-2014-madrid-unas-horas-con-los-artistas-del-body-painting-zona-tattoo","status":"publish","type":"post","link":"https:\/\/www.televisionalternativa.es\/000\/?p=6229","title":{"rendered":"Mulafest 2014 Madrid. Unas horas con los artistas del Body Painting . Zona Tattoo"},"content":{"rendered":"<p><script type=\"text\/javascript\"><!--\ngoogle_ad_client = \"ca-pub-9550527709244125\";\n\/* 468x60, creado 4\/11\/08 *\/\ngoogle_ad_slot = \"1483193768\";\ngoogle_ad_width = 468;\ngoogle_ad_height = 60;\n\/\/-->\n<\/script><br \/>\n<script type=\"text\/javascript\"\nsrc=\"http:\/\/pagead2.googlesyndication.com\/pagead\/show_ads.js\">\n<\/script> <\/p>\n<p>En MULAFEST pudimos volver a tatuarnos con los mejores expertos internacionales de este arte milenario. <\/p>\n<p>El festival acogi\u00f3 la Madrid Tattoo Convention, un evento al que asistieron las m\u00e1s importantes figuras del tattoo, desde EE UU, Jap\u00f3n o Tahit\u00ed&#8230;pero tambi\u00e9n estaba la zona Experimenta-tu, con multitud de actividades en torno al tatuaje, el Body Painting y el maquillaje FX tan utilizado en el cine. <\/p>\n<p>Aqu\u00ed os dejamos un video de un d\u00eda con los artistas del body painting en el mulafest<\/p>\n<p><object width=\"640\" height=\"360\" classid=\"clsid:d27cdb6e-ae6d-11cf-96b8-444553540000\" codebase=\"http:\/\/download.macromedia.com\/pub\/shockwave\/cabs\/flash\/swflash.cab#version=6,0,40,0\"><param name=\"allowFullScreen\" value=\"true\" \/><param name=\"allowscriptaccess\" value=\"always\" \/><param name=\"src\" value=\"http:\/\/www.youtube.com\/v\/9DnRtIYxOZY&amp;autoplay=1?version=3&amp;hl=es_ES\" \/><param name=\"allowfullscreen\" value=\"true\" \/><embed width=\"640\" height=\"360\" type=\"application\/x-shockwave-flash\" src=\"http:\/\/www.youtube.com\/v\/9DnRtIYxOZY&amp;autoplay=1?version=3&amp;hl=es_ES\" allowFullScreen=\"true\" allowscriptaccess=\"always\" allowfullscreen=\"true\" \/><\/object><\/p>\n<p>Un paseo por el Mulafest<\/p>\n<p><object width=\"640\" height=\"360\" classid=\"clsid:d27cdb6e-ae6d-11cf-96b8-444553540000\" codebase=\"http:\/\/download.macromedia.com\/pub\/shockwave\/cabs\/flash\/swflash.cab#version=6,0,40,0\"><param name=\"allowFullScreen\" value=\"true\" \/><param name=\"allowscriptaccess\" value=\"always\" \/><param name=\"src\" value=\"http:\/\/www.youtube.com\/v\/CWxSpEoOWQE?version=3&amp;hl=es_ES\" \/><param name=\"allowfullscreen\" value=\"true\" \/><embed width=\"640\" height=\"360\" type=\"application\/x-shockwave-flash\" src=\"http:\/\/www.youtube.com\/v\/CWxSpEoOWQE?version=3&amp;hl=es_ES\" allowFullScreen=\"true\" allowscriptaccess=\"always\" allowfullscreen=\"true\" \/><\/object><\/p>\n<p>\u00bfQu\u00e9 es la comunidad Mula?<\/p>\n<p>Es la comunidad de gente como t\u00fa, que lucha por un sue\u00f1o y quiere vivir de su talento, que cree en lo que hace y busca su lugar donde mostrarlo, ya sea la calle, Internet, un muro, un estudio de tatuaje, un garaje o una sala de teatro. MULA eres t\u00fa si est\u00e1s leyendo esto, porque has venido hasta aqu\u00ed, para ver que no eres el \u00fanico que cree que la cultura urbana merece un lugar destacado.<br \/>\nQueremos que sea la \u201cred\u201d de toda la comunidad MULA. Una plataforma online y offline: personas, colectivos, instituciones, actividades y encuentros en cualquier lugar del mundo. MULA RED ser\u00e1 la plataforma en la que todos pongamos nuestros sue\u00f1os, porque en el fondo los estamos contando y haciendo realidad unos con otros. Todos unidos en red podremos conseguir cualquier cosa que nos propongamos.<\/p>\n<p><iframe loading=\"lazy\" frameborder=\"0\" width=\"640\" height=\"360\" src=\"http:\/\/www.dailymotion.com\/embed\/video\/x20u6pc?autoplay=0&#038;logo=1&#038;hideInfos=0&#038;start=0&#038;syndication=&#038;foreground=&#038;highlight=&#038;background=\"><\/iframe><br \/><a href=\"http:\/\/www.dailymotion.com\/video\/x20u6pc\" target=\"_blank\" rel=\"noopener noreferrer\">Arte Corporal en el Mulafest &#8211; Zona Tattoo<\/a> <i>by <a href=\"http:\/\/www.dailymotion.com\/televisionalternativ\" target=\"_blank\" rel=\"noopener noreferrer\">Television Alternativa<\/a><\/i><\/p>\n","protected":false},"excerpt":{"rendered":"En MULAFEST pudimos volver a tatuarnos con los mejores expertos internacionales de este arte milenario. El festival acogi\u00f3 la Madrid Tattoo Convention, un \n<a class=\"moretag\" href=\"https:\/\/www.televisionalternativa.es\/000\/?p=6229\"> [...]<\/a>","protected":false},"author":14,"featured_media":6230,"comment_status":"closed","ping_status":"open","sticky":false,"template":"","format":"standard","meta":{"footnotes":""},"categories":[3,705,17,257],"tags":[428,888,1168,392,890,889],"class_list":["post-6229","post","type-post","status-publish","format-standard","has-post-thumbnail","hentry","category-blog","category-cultura","category-entretenimiento","category-eventos","tag-arte","tag-body","tag-cultura","tag-modelos","tag-mulafest","tag-painting"],"_links":{"self":[{"href":"https:\/\/www.televisionalternativa.es\/000\/index.php?rest_route=\/wp\/v2\/posts\/6229","targetHints":{"allow":["GET"]}}],"collection":[{"href":"https:\/\/www.televisionalternativa.es\/000\/index.php?rest_route=\/wp\/v2\/posts"}],"about":[{"href":"https:\/\/www.televisionalternativa.es\/000\/index.php?rest_route=\/wp\/v2\/types\/post"}],"author":[{"embeddable":true,"href":"https:\/\/www.televisionalternativa.es\/000\/index.php?rest_route=\/wp\/v2\/users\/14"}],"replies":[{"embeddable":true,"href":"https:\/\/www.televisionalternativa.es\/000\/index.php?rest_route=%2Fwp%2Fv2%2Fcomments&post=6229"}],"version-history":[{"count":9,"href":"https:\/\/www.televisionalternativa.es\/000\/index.php?rest_route=\/wp\/v2\/posts\/6229\/revisions"}],"predecessor-version":[{"id":8107,"href":"https:\/\/www.televisionalternativa.es\/000\/index.php?rest_route=\/wp\/v2\/posts\/6229\/revisions\/8107"}],"wp:featuredmedia":[{"embeddable":true,"href":"https:\/\/www.televisionalternativa.es\/000\/index.php?rest_route=\/wp\/v2\/media\/6230"}],"wp:attachment":[{"href":"https:\/\/www.televisionalternativa.es\/000\/index.php?rest_route=%2Fwp%2Fv2%2Fmedia&parent=6229"}],"wp:term":[{"taxonomy":"category","embeddable":true,"href":"https:\/\/www.televisionalternativa.es\/000\/index.php?rest_route=%2Fwp%2Fv2%2Fcategories&post=6229"},{"taxonomy":"post_tag","embeddable":true,"href":"https:\/\/www.televisionalternativa.es\/000\/index.php?rest_route=%2Fwp%2Fv2%2Ftags&post=6229"}],"curies":[{"name":"wp","href":"https:\/\/api.w.org\/{rel}","templated":true}]}}