{"id":6096,"date":"2014-04-14T21:44:47","date_gmt":"2014-04-14T21:44:47","guid":{"rendered":"http:\/\/www.televisionalternativa.es\/000\/?p=6096"},"modified":"2020-05-21T19:37:51","modified_gmt":"2020-05-21T19:37:51","slug":"xiii-salon-del-manga-de-valencia-10-y-11-de-mayo-de-2014-feria-valencia-9000m2","status":"publish","type":"post","link":"https:\/\/www.televisionalternativa.es\/000\/?p=6096","title":{"rendered":"XIII Sal\u00f3n del Manga de Valencia &#8211; 10 y 11 de Mayo de 2014 &#8211; Feria Valencia 9000m2"},"content":{"rendered":"<p><script type=\"text\/javascript\"><!--\ngoogle_ad_client = \"ca-pub-9550527709244125\";\n\/* 468x60, creado 4\/11\/08 *\/\ngoogle_ad_slot = \"1483193768\";\ngoogle_ad_width = 468;\ngoogle_ad_height = 60;\n\/\/-->\n<\/script><br \/>\n<script type=\"text\/javascript\"\nsrc=\"http:\/\/pagead2.googlesyndication.com\/pagead\/show_ads.js\">\n<\/script> <\/p>\n<p>El XIII Sal\u00f3n del Manga de Valencia se celebrara los pr\u00f3ximos d\u00edas 10 y 11 de mayo de 2014 en el pabell\u00f3n 6 de Feria Valencia. Y esta vez es el 6, no es el 6b, triplicando el espacio disponible.<\/p>\n<p>El evento pasa de tener 2500m2 a 9000m2. Esto se debe a que se quiere dar cabida a la creciente subida de asistencia que tiene el evento desde que se mudo a Feria Valencia, siendo esta la segunda ampliaci\u00f3n de espacio.<\/p>\n<p>Vuelve Eurocosplay, siendo otra vez Valencia la sede para enviar un cosplayer a luchar por el trono europeo de los concursos de cosplay en Londres. El s\u00e1bado se proceder\u00e1 al concurso que llevar\u00e1 a su elecci\u00f3n.<\/p>\n<p>Tambi\u00e9n habr\u00e1 disponible una exposici\u00f3n de consolas a cargo de Asupiva, talleres y charlas sobre videojuegos retro.<\/p>\n<p>Concursos de cosplay, videojuegos, talleres de dibujo y de cultura tradicional japonesa albergaran esta 13\u00aa edici\u00f3n del mayor evento de la Comunidad Valenciana relativo al manga con una expectativa de sobrepasar los 14000 visitantes.<\/p>\n<p>El cartel corre a cargo de la artista Eternal-S.<\/p>\n<p>XIII Sal\u00f3n del Manga de Valencia<\/p>\n<p>www.salondelmangadevalencia.es<\/p>\n","protected":false},"excerpt":{"rendered":"El XIII Sal\u00f3n del Manga de Valencia se celebrara los pr\u00f3ximos d\u00edas 10 y 11 de mayo de 2014 en el pabell\u00f3n 6 \n<a class=\"moretag\" href=\"https:\/\/www.televisionalternativa.es\/000\/?p=6096\"> [...]<\/a>","protected":false},"author":14,"featured_media":6097,"comment_status":"closed","ping_status":"closed","sticky":false,"template":"","format":"standard","meta":{"footnotes":""},"categories":[3,705,17,257],"tags":[114,446,403,402,409],"class_list":["post-6096","post","type-post","status-publish","format-standard","has-post-thumbnail","hentry","category-blog","category-cultura","category-entretenimiento","category-eventos","tag-anime","tag-comic","tag-cosplay","tag-manga","tag-valencia"],"_links":{"self":[{"href":"https:\/\/www.televisionalternativa.es\/000\/index.php?rest_route=\/wp\/v2\/posts\/6096","targetHints":{"allow":["GET"]}}],"collection":[{"href":"https:\/\/www.televisionalternativa.es\/000\/index.php?rest_route=\/wp\/v2\/posts"}],"about":[{"href":"https:\/\/www.televisionalternativa.es\/000\/index.php?rest_route=\/wp\/v2\/types\/post"}],"author":[{"embeddable":true,"href":"https:\/\/www.televisionalternativa.es\/000\/index.php?rest_route=\/wp\/v2\/users\/14"}],"replies":[{"embeddable":true,"href":"https:\/\/www.televisionalternativa.es\/000\/index.php?rest_route=%2Fwp%2Fv2%2Fcomments&post=6096"}],"version-history":[{"count":2,"href":"https:\/\/www.televisionalternativa.es\/000\/index.php?rest_route=\/wp\/v2\/posts\/6096\/revisions"}],"predecessor-version":[{"id":6179,"href":"https:\/\/www.televisionalternativa.es\/000\/index.php?rest_route=\/wp\/v2\/posts\/6096\/revisions\/6179"}],"wp:featuredmedia":[{"embeddable":true,"href":"https:\/\/www.televisionalternativa.es\/000\/index.php?rest_route=\/wp\/v2\/media\/6097"}],"wp:attachment":[{"href":"https:\/\/www.televisionalternativa.es\/000\/index.php?rest_route=%2Fwp%2Fv2%2Fmedia&parent=6096"}],"wp:term":[{"taxonomy":"category","embeddable":true,"href":"https:\/\/www.televisionalternativa.es\/000\/index.php?rest_route=%2Fwp%2Fv2%2Fcategories&post=6096"},{"taxonomy":"post_tag","embeddable":true,"href":"https:\/\/www.televisionalternativa.es\/000\/index.php?rest_route=%2Fwp%2Fv2%2Ftags&post=6096"}],"curies":[{"name":"wp","href":"https:\/\/api.w.org\/{rel}","templated":true}]}}