{"id":5382,"date":"2014-03-17T19:42:03","date_gmt":"2014-03-17T19:42:03","guid":{"rendered":"http:\/\/www.televisionalternativa.es\/000\/?p=5382"},"modified":"2014-04-06T03:54:36","modified_gmt":"2014-04-06T03:54:36","slug":"dioramas-maquetas-y-modelismo-en-el-iv-concurso-de-leganes-by-television-alternativa","status":"publish","type":"post","link":"https:\/\/www.televisionalternativa.es\/000\/?p=5382","title":{"rendered":"Dioramas , maquetas y modelismo en el  IV Concurso de Leganes by Television Alternativa"},"content":{"rendered":"<p><script type=\"text\/javascript\"><!--\ngoogle_ad_client = \"ca-pub-9550527709244125\";\n\/* 468x60, creado 4\/11\/08 *\/\ngoogle_ad_slot = \"1483193768\";\ngoogle_ad_width = 468;\ngoogle_ad_height = 60;\n\/\/-->\n<\/script><br \/>\n<script type=\"text\/javascript\"\nsrc=\"http:\/\/pagead2.googlesyndication.com\/pagead\/show_ads.js\">\n<\/script> <\/p>\n<p><object width=\"640\" height=\"360\" classid=\"clsid:d27cdb6e-ae6d-11cf-96b8-444553540000\" codebase=\"http:\/\/download.macromedia.com\/pub\/shockwave\/cabs\/flash\/swflash.cab#version=6,0,40,0\"><param name=\"allowFullScreen\" value=\"true\" \/><param name=\"allowscriptaccess\" value=\"always\" \/><param name=\"src\" value=\"http:\/\/www.youtube.com\/v\/_G_S0OT5sz8&amp;autoplay=1?version=3&amp;hl=es_ES\" \/><param name=\"allowfullscreen\" value=\"true\" \/><embed width=\"640\" height=\"360\" type=\"application\/x-shockwave-flash\" src=\"http:\/\/www.youtube.com\/v\/_G_S0OT5sz8&amp;autoplay=1?version=3&amp;hl=es_ES\" allowFullScreen=\"true\" allowscriptaccess=\"always\" allowfullscreen=\"true\" \/><\/object><\/p>\n<p>Durante los d\u00edas 14, 15 y 16 de marzo, se ha celebrado en el Pabell\u00f3n Europa el IV Concurso Internacional de Modelismo Est\u00e1tico &#8216;Ciudad de Legan\u00e9s&#8217;, que ha supuesto un gran \u00e9xito de p\u00fablico y participaci\u00f3n.<\/p>\n<p>El concurso va ganando en  n\u00famero de participantes y en n\u00famero de personas que vienen a verlo. Es un gran \u00e9xito haber ampliado tanto el n\u00famero de maquetas presentadas, lo que demuestra que es un certamen que se va consolidando, con muchos seguidores ya a nivel nacional. <\/p>\n<p>Organizado por MODEL34 y el ayuntamiento de Leganes, de nuevo otra fant\u00e1stica edici\u00f3n de este concurso, disfrutando de autenticas obras de arte, maquetas y libros sobre el particular.<\/p>\n<p>Una producci\u00f3n de Television Alternativa Servicios Audiovisuales y de Producci\u00f3n.<\/p>\n","protected":false},"excerpt":{"rendered":"Durante los d\u00edas 14, 15 y 16 de marzo, se ha celebrado en el Pabell\u00f3n Europa el IV Concurso Internacional de Modelismo Est\u00e1tico \n<a class=\"moretag\" href=\"https:\/\/www.televisionalternativa.es\/000\/?p=5382\"> [...]<\/a>","protected":false},"author":14,"featured_media":6068,"comment_status":"closed","ping_status":"open","sticky":false,"template":"","format":"standard","meta":{"footnotes":""},"categories":[3,705,17,257,616],"tags":[725,854,853],"class_list":["post-5382","post","type-post","status-publish","format-standard","has-post-thumbnail","hentry","category-blog","category-cultura","category-entretenimiento","category-eventos","category-ocio","tag-dioramas","tag-maquetas","tag-modelismo"],"_links":{"self":[{"href":"https:\/\/www.televisionalternativa.es\/000\/index.php?rest_route=\/wp\/v2\/posts\/5382","targetHints":{"allow":["GET"]}}],"collection":[{"href":"https:\/\/www.televisionalternativa.es\/000\/index.php?rest_route=\/wp\/v2\/posts"}],"about":[{"href":"https:\/\/www.televisionalternativa.es\/000\/index.php?rest_route=\/wp\/v2\/types\/post"}],"author":[{"embeddable":true,"href":"https:\/\/www.televisionalternativa.es\/000\/index.php?rest_route=\/wp\/v2\/users\/14"}],"replies":[{"embeddable":true,"href":"https:\/\/www.televisionalternativa.es\/000\/index.php?rest_route=%2Fwp%2Fv2%2Fcomments&post=5382"}],"version-history":[{"count":4,"href":"https:\/\/www.televisionalternativa.es\/000\/index.php?rest_route=\/wp\/v2\/posts\/5382\/revisions"}],"predecessor-version":[{"id":6069,"href":"https:\/\/www.televisionalternativa.es\/000\/index.php?rest_route=\/wp\/v2\/posts\/5382\/revisions\/6069"}],"wp:featuredmedia":[{"embeddable":true,"href":"https:\/\/www.televisionalternativa.es\/000\/index.php?rest_route=\/wp\/v2\/media\/6068"}],"wp:attachment":[{"href":"https:\/\/www.televisionalternativa.es\/000\/index.php?rest_route=%2Fwp%2Fv2%2Fmedia&parent=5382"}],"wp:term":[{"taxonomy":"category","embeddable":true,"href":"https:\/\/www.televisionalternativa.es\/000\/index.php?rest_route=%2Fwp%2Fv2%2Fcategories&post=5382"},{"taxonomy":"post_tag","embeddable":true,"href":"https:\/\/www.televisionalternativa.es\/000\/index.php?rest_route=%2Fwp%2Fv2%2Ftags&post=5382"}],"curies":[{"name":"wp","href":"https:\/\/api.w.org\/{rel}","templated":true}]}}