{"id":5296,"date":"2014-01-27T11:33:28","date_gmt":"2014-01-27T11:33:28","guid":{"rendered":"http:\/\/www.televisionalternativa.es\/000\/?p=5296"},"modified":"2014-03-29T14:17:55","modified_gmt":"2014-03-29T14:17:55","slug":"diorama-de-la-batalla-de-nordlingen-entre-protestantes-y-catolicos","status":"publish","type":"post","link":"https:\/\/www.televisionalternativa.es\/000\/?p=5296","title":{"rendered":"Diorama de la batalla de Nordlingen entre protestantes y cat\u00f3licos"},"content":{"rendered":"<p><object width=\"640\" height=\"360\" classid=\"clsid:d27cdb6e-ae6d-11cf-96b8-444553540000\" codebase=\"http:\/\/download.macromedia.com\/pub\/shockwave\/cabs\/flash\/swflash.cab#version=6,0,40,0\"><param name=\"allowFullScreen\" value=\"true\" \/><param name=\"allowscriptaccess\" value=\"always\" \/><param name=\"src\" value=\"http:\/\/www.youtube.com\/v\/SixKNGbm46Q&amp;autoplay=1?version=3&amp;hl=es_ES\" \/><param name=\"allowfullscreen\" value=\"true\" \/><embed width=\"640\" height=\"360\" type=\"application\/x-shockwave-flash\" src=\"http:\/\/www.youtube.com\/v\/SixKNGbm46Q&amp;autoplay=1?version=3&amp;hl=es_ES\" allowFullScreen=\"true\" allowscriptaccess=\"always\" allowfullscreen=\"true\" \/><\/object><\/p>\n<p>Diorama que podeis ir a ver al Hipercor de San Jos\u00e9 de Valderas en Alcorc\u00f3n<\/p>\n<p>La primera batalla de N\u00f6rdlingen fue una batalla decisiva de la guerra de los Treinta A\u00f1os. Del 26 al 27 de agosto (del calendario juliano) o el 5 al 6 de septiembre (del calendario gregoriano) de 1634 se produce la victoria de las tropas imperiales de Matthias Gallas y del archiduque Fernando de Habsburgo (futuro emperador Fernando III de Habsburgo) y espa\u00f1olas del cardenal-infante Fernando de Austria sobre las suecas de Gustaf Horn y Bernardo de Sajonia-Weimar, lo que supuso el final del dominio de Suecia en el sur de Alemania y la entrada de la Francia del Cardenal Richelieu en la guerra.<\/p>\n<p>El bando protestante, ya minado por fuertes disensiones entre Horn y Sajonia-Weimar, esperaba ganar la batalla a las tropas imperiales, a las que hab\u00eda infravalorado, sin contar, adem\u00e1s, con que se hab\u00eda producido la uni\u00f3n con el ej\u00e9rcito del hermano del Rey de Espa\u00f1a, el cardenal-infante don Fernando de Austria, Arzobispo de Toledo. Las tropas espa\u00f1olas del fallecido Duque de Feria y ahora a cargo del Marqu\u00e9s de Legan\u00e9s, venidas desde la plaza fuerte milanesa por el paso del Stelvio, trataban de atravesar Alemania camino de los Pa\u00edses Bajos Espa\u00f1oles, donde el Cardenal-Infante iba a suceder a la difunta Gobernadora Isabel Clara Eugenia.<\/p>\n<p>Como de costumbre en la Guerra de los Treinta A\u00f1os, ambos bandos presentan una composici\u00f3n multinacional: destacan en el bando cat\u00f3lico los Tercios espa\u00f1oles de Flandes, Sicilia y Sagunto, y las tropas italianas al servicio de Espa\u00f1a de Gerardo de Gambacorta, y los imperiales de Piccolomini. Por los protestantes son los regimientos suecos \u00abNegros\u00bb y \u00abAmarillos\u00bb los que sostuvieron el peso de la batalla. En conjunto se enfrentaron unos 21.000 hispano-imperiales contra alrededor de 18.000 germano-suecos.<\/p>\n<p>Aunque la iniciativa la tomaron los protestantes suecos, fue la feroz defensa que los tercios espa\u00f1oles realizaron en la colina de Allbuch, rechazando 15 cargas de los regimientos suecos, la que decidi\u00f3 la batalla, con el apoyo de las tropas de caballer\u00eda italiana de Gambacorta.<\/p>\n<p>Los imperiales por su parte, una vez deshechos los regimientos suecos, adelantaron sus l\u00edneas contra los sajones, que, perdida la jornada, huyeron, abandonando en total desorden el campo de batalla.<\/p>\n<p>El propio general sueco, Gustaf Horn, fue capturado y los restos del ej\u00e9rcito sueco se replegaron en direcci\u00f3n a Heilbronn.<\/p>\n<p>Quedaba probado que la formaci\u00f3n militar espa\u00f1ola por excelencia, el tercio, todav\u00eda era, y a\u00fan por varios a\u00f1os m\u00e1s, imbatible en batalla.<\/p>\n","protected":false},"excerpt":{"rendered":"Diorama que podeis ir a ver al Hipercor de San Jos\u00e9 de Valderas en Alcorc\u00f3n La primera batalla de N\u00f6rdlingen fue una batalla \n<a class=\"moretag\" href=\"https:\/\/www.televisionalternativa.es\/000\/?p=5296\"> [...]<\/a>","protected":false},"author":14,"featured_media":5297,"comment_status":"closed","ping_status":"closed","sticky":false,"template":"","format":"standard","meta":{"footnotes":""},"categories":[3,705,257,616],"tags":[671,682,840,838,839],"class_list":["post-5296","post","type-post","status-publish","format-standard","has-post-thumbnail","hentry","category-blog","category-cultura","category-eventos","category-ocio","tag-batalla","tag-diorama","tag-espanoles","tag-norlindgen","tag-tercios"],"_links":{"self":[{"href":"https:\/\/www.televisionalternativa.es\/000\/index.php?rest_route=\/wp\/v2\/posts\/5296","targetHints":{"allow":["GET"]}}],"collection":[{"href":"https:\/\/www.televisionalternativa.es\/000\/index.php?rest_route=\/wp\/v2\/posts"}],"about":[{"href":"https:\/\/www.televisionalternativa.es\/000\/index.php?rest_route=\/wp\/v2\/types\/post"}],"author":[{"embeddable":true,"href":"https:\/\/www.televisionalternativa.es\/000\/index.php?rest_route=\/wp\/v2\/users\/14"}],"replies":[{"embeddable":true,"href":"https:\/\/www.televisionalternativa.es\/000\/index.php?rest_route=%2Fwp%2Fv2%2Fcomments&post=5296"}],"version-history":[{"count":2,"href":"https:\/\/www.televisionalternativa.es\/000\/index.php?rest_route=\/wp\/v2\/posts\/5296\/revisions"}],"predecessor-version":[{"id":5399,"href":"https:\/\/www.televisionalternativa.es\/000\/index.php?rest_route=\/wp\/v2\/posts\/5296\/revisions\/5399"}],"wp:featuredmedia":[{"embeddable":true,"href":"https:\/\/www.televisionalternativa.es\/000\/index.php?rest_route=\/wp\/v2\/media\/5297"}],"wp:attachment":[{"href":"https:\/\/www.televisionalternativa.es\/000\/index.php?rest_route=%2Fwp%2Fv2%2Fmedia&parent=5296"}],"wp:term":[{"taxonomy":"category","embeddable":true,"href":"https:\/\/www.televisionalternativa.es\/000\/index.php?rest_route=%2Fwp%2Fv2%2Fcategories&post=5296"},{"taxonomy":"post_tag","embeddable":true,"href":"https:\/\/www.televisionalternativa.es\/000\/index.php?rest_route=%2Fwp%2Fv2%2Ftags&post=5296"}],"curies":[{"name":"wp","href":"https:\/\/api.w.org\/{rel}","templated":true}]}}