{"id":5242,"date":"2013-12-18T09:32:06","date_gmt":"2013-12-18T09:32:06","guid":{"rendered":"http:\/\/www.televisionalternativa.es\/000\/?p=5242"},"modified":"2014-10-22T19:16:29","modified_gmt":"2014-10-22T19:16:29","slug":"making-of-de-la-sesion-fotografica-de-la-coleccion-cosmopolitan-de-la-disenadora-ewa-byczkiewicz","status":"publish","type":"post","link":"https:\/\/www.televisionalternativa.es\/000\/?p=5242","title":{"rendered":"Making of de la sesi\u00f3n fotogr\u00e1fica de la colecci\u00f3n \u00abCosmopolitan\u00bb de la dise\u00f1adora Ewa Byczkiewicz"},"content":{"rendered":"<p><object width=\"640\" height=\"360\" classid=\"clsid:d27cdb6e-ae6d-11cf-96b8-444553540000\" codebase=\"http:\/\/download.macromedia.com\/pub\/shockwave\/cabs\/flash\/swflash.cab#version=6,0,40,0\"><param name=\"allowFullScreen\" value=\"true\" \/><param name=\"allowscriptaccess\" value=\"always\" \/><param name=\"src\" value=\"http:\/\/www.youtube.com\/v\/Tt7e0kqSoMM&amp;autoplay=1?version=3&amp;hl=es_ES\" \/><param name=\"allowfullscreen\" value=\"true\" \/><embed width=\"640\" height=\"360\" type=\"application\/x-shockwave-flash\" src=\"http:\/\/www.youtube.com\/v\/Tt7e0kqSoMM&amp;autoplay=1?version=3&amp;hl=es_ES\" allowFullScreen=\"true\" allowscriptaccess=\"always\" allowfullscreen=\"true\" \/><\/object><\/p>\n<p>Acudimos a la sesi\u00f3n fotogr\u00e1fica con la que la dise\u00f1adora Ewa Byczkiewicz presenta su nueva colecci\u00f3n \u00abCosmopolitan\u00bb.<\/p>\n<p>Modelo : Katarzyna Wrzesi\u00f1ska<br \/>\nMaquillaje y peluquer\u00eda:  Bel\u00e9n Junqueira<br \/>\nFot\u00f3grafo: Daniel Jambrina , director de la revista  InCOVER Magazine.<br \/>\nAsistentes de fotograf\u00eda: Asier cristobal y Paula M\u00e9ndez.<br \/>\nEstudio: Shoot me<br \/>\nModelo canina: Ariel<br \/>\nFondo musical creado por Television Alternativa<\/p>\n","protected":false},"excerpt":{"rendered":"Acudimos a la sesi\u00f3n fotogr\u00e1fica con la que la dise\u00f1adora Ewa Byczkiewicz presenta su nueva colecci\u00f3n \u00abCosmopolitan\u00bb. Modelo : Katarzyna Wrzesi\u00f1ska Maquillaje y \n<a class=\"moretag\" href=\"https:\/\/www.televisionalternativa.es\/000\/?p=5242\"> [...]<\/a>","protected":false},"author":14,"featured_media":6348,"comment_status":"closed","ping_status":"closed","sticky":false,"template":"","format":"standard","meta":{"footnotes":""},"categories":[3,79],"tags":[817,420,81,1041,390],"class_list":["post-5242","post","type-post","status-publish","format-standard","has-post-thumbnail","hentry","category-blog","category-moda","tag-coleccion","tag-diseno","tag-fashion","tag-moda","tag-ropa"],"_links":{"self":[{"href":"https:\/\/www.televisionalternativa.es\/000\/index.php?rest_route=\/wp\/v2\/posts\/5242","targetHints":{"allow":["GET"]}}],"collection":[{"href":"https:\/\/www.televisionalternativa.es\/000\/index.php?rest_route=\/wp\/v2\/posts"}],"about":[{"href":"https:\/\/www.televisionalternativa.es\/000\/index.php?rest_route=\/wp\/v2\/types\/post"}],"author":[{"embeddable":true,"href":"https:\/\/www.televisionalternativa.es\/000\/index.php?rest_route=\/wp\/v2\/users\/14"}],"replies":[{"embeddable":true,"href":"https:\/\/www.televisionalternativa.es\/000\/index.php?rest_route=%2Fwp%2Fv2%2Fcomments&post=5242"}],"version-history":[{"count":3,"href":"https:\/\/www.televisionalternativa.es\/000\/index.php?rest_route=\/wp\/v2\/posts\/5242\/revisions"}],"predecessor-version":[{"id":5409,"href":"https:\/\/www.televisionalternativa.es\/000\/index.php?rest_route=\/wp\/v2\/posts\/5242\/revisions\/5409"}],"wp:featuredmedia":[{"embeddable":true,"href":"https:\/\/www.televisionalternativa.es\/000\/index.php?rest_route=\/wp\/v2\/media\/6348"}],"wp:attachment":[{"href":"https:\/\/www.televisionalternativa.es\/000\/index.php?rest_route=%2Fwp%2Fv2%2Fmedia&parent=5242"}],"wp:term":[{"taxonomy":"category","embeddable":true,"href":"https:\/\/www.televisionalternativa.es\/000\/index.php?rest_route=%2Fwp%2Fv2%2Fcategories&post=5242"},{"taxonomy":"post_tag","embeddable":true,"href":"https:\/\/www.televisionalternativa.es\/000\/index.php?rest_route=%2Fwp%2Fv2%2Ftags&post=5242"}],"curies":[{"name":"wp","href":"https:\/\/api.w.org\/{rel}","templated":true}]}}