{"id":5201,"date":"2013-11-09T05:45:10","date_gmt":"2013-11-09T05:45:10","guid":{"rendered":"http:\/\/www.televisionalternativa.es\/000\/?p=5201"},"modified":"2014-03-29T14:17:57","modified_gmt":"2014-03-29T14:17:57","slug":"que-ver-el-fin-de-semana-en-la-madrid-games-week-por-television-alternativa","status":"publish","type":"post","link":"https:\/\/www.televisionalternativa.es\/000\/?p=5201","title":{"rendered":"Que ver el fin de semana en la Madrid Games Week por Television Alternativa"},"content":{"rendered":"<p><object width=\"640\" height=\"360\" classid=\"clsid:d27cdb6e-ae6d-11cf-96b8-444553540000\" codebase=\"http:\/\/download.macromedia.com\/pub\/shockwave\/cabs\/flash\/swflash.cab#version=6,0,40,0\"><param name=\"allowFullScreen\" value=\"true\" \/><param name=\"allowscriptaccess\" value=\"always\" \/><param name=\"src\" value=\"http:\/\/www.youtube.com\/v\/0xyC20hrz5w&amp;autoplay=1?version=3&amp;hl=es_ES\" \/><param name=\"allowfullscreen\" value=\"true\" \/><embed width=\"640\" height=\"360\" type=\"application\/x-shockwave-flash\" src=\"http:\/\/www.youtube.com\/v\/0xyC20hrz5w&amp;autoplay=1?version=3&amp;hl=es_ES\" allowFullScreen=\"true\" allowscriptaccess=\"always\" allowfullscreen=\"true\" \/><\/object><\/p>\n<p>Nos dimos un paseo por la Madrid Games week , para que pod\u00e1is ver que os encontrareis cuando la visit\u00e9is el 8 , 9 o 10 de Noviembre , o que os hab\u00e9is perdido si no conseguisteis una de las entradas antes de que se agotasen.<\/p>\n<p>Madrid Games Week es la nueva feria de la industria del videojuego en Espa\u00f1a.<\/p>\n<p>Por primera vez en nuestro pa\u00eds, la cita no se promueve por una \u00fanica firma, sino que nace a partir del compromiso y el impulso promotor de aDeSe, la Asociaci\u00f3n Espa\u00f1ola de Distribuidores y Editores de Software de Entretenimiento,, que aglutina a las principales firmas del videojuego en Espa\u00f1a y a m\u00e1s del 90% del consumo nacional de videojuegos.<\/p>\n<p>La celebraci\u00f3n de esta Feria tambi\u00e9n se ha hecho posible gracias a la colaboraci\u00f3n de IFEMA, el primer operador ferial del pa\u00eds, que se encarga de toda la organizaci\u00f3n global del evento.<\/p>\n<p>El acuerdo se ci\u00f1e por el momento a esta primera edici\u00f3n de 2013, pero con el objetivo y la firma voluntad de tener continuidad en a\u00f1os posteriores, por lo que cabe esperar que \u00e9sta sea la primera de una larga sucesi\u00f3n de ediciones.<\/p>\n<p>Las fechas de celebraci\u00f3n se han seleccionado estrat\u00e9gicamente para que la feria tenga lugar inmediatamente despu\u00e9s de otras grandes citas europeas, como son la Par\u00eds Games Week y la Milan Games Week. De este modo nuestro pa\u00eds se incorpora al circuito europeo e internacional de los encuentros de referencia para el sector.<\/p>\n<p>http:\/\/www.televisionalternativa.com<br \/>\nTelevision Alternativa Servicios Audiovisuales y de Producci\u00f3n<\/p>\n","protected":false},"excerpt":{"rendered":"Nos dimos un paseo por la Madrid Games week , para que pod\u00e1is ver que os encontrareis cuando la visit\u00e9is el 8 , \n<a class=\"moretag\" href=\"https:\/\/www.televisionalternativa.es\/000\/?p=5201\"> [...]<\/a>","protected":false},"author":14,"featured_media":5202,"comment_status":"closed","ping_status":"open","sticky":false,"template":"","format":"standard","meta":{"footnotes":""},"categories":[3,705,17,257,616,307,126],"tags":[208,82,212,169,164,233,804],"class_list":["post-5201","post","type-post","status-publish","format-standard","has-post-thumbnail","hentry","category-blog","category-cultura","category-entretenimiento","category-eventos","category-ocio","category-tecnologia-4","category-vj","tag-games","tag-madrid","tag-pc","tag-playstation","tag-videojuegos-3","tag-week","tag-xbox"],"_links":{"self":[{"href":"https:\/\/www.televisionalternativa.es\/000\/index.php?rest_route=\/wp\/v2\/posts\/5201","targetHints":{"allow":["GET"]}}],"collection":[{"href":"https:\/\/www.televisionalternativa.es\/000\/index.php?rest_route=\/wp\/v2\/posts"}],"about":[{"href":"https:\/\/www.televisionalternativa.es\/000\/index.php?rest_route=\/wp\/v2\/types\/post"}],"author":[{"embeddable":true,"href":"https:\/\/www.televisionalternativa.es\/000\/index.php?rest_route=\/wp\/v2\/users\/14"}],"replies":[{"embeddable":true,"href":"https:\/\/www.televisionalternativa.es\/000\/index.php?rest_route=%2Fwp%2Fv2%2Fcomments&post=5201"}],"version-history":[{"count":4,"href":"https:\/\/www.televisionalternativa.es\/000\/index.php?rest_route=\/wp\/v2\/posts\/5201\/revisions"}],"predecessor-version":[{"id":5414,"href":"https:\/\/www.televisionalternativa.es\/000\/index.php?rest_route=\/wp\/v2\/posts\/5201\/revisions\/5414"}],"wp:featuredmedia":[{"embeddable":true,"href":"https:\/\/www.televisionalternativa.es\/000\/index.php?rest_route=\/wp\/v2\/media\/5202"}],"wp:attachment":[{"href":"https:\/\/www.televisionalternativa.es\/000\/index.php?rest_route=%2Fwp%2Fv2%2Fmedia&parent=5201"}],"wp:term":[{"taxonomy":"category","embeddable":true,"href":"https:\/\/www.televisionalternativa.es\/000\/index.php?rest_route=%2Fwp%2Fv2%2Fcategories&post=5201"},{"taxonomy":"post_tag","embeddable":true,"href":"https:\/\/www.televisionalternativa.es\/000\/index.php?rest_route=%2Fwp%2Fv2%2Ftags&post=5201"}],"curies":[{"name":"wp","href":"https:\/\/api.w.org\/{rel}","templated":true}]}}