{"id":5190,"date":"2013-11-06T12:14:16","date_gmt":"2013-11-06T12:14:16","guid":{"rendered":"http:\/\/www.televisionalternativa.es\/000\/?p=5190"},"modified":"2014-03-29T14:17:58","modified_gmt":"2014-03-29T14:17:58","slug":"arthur-de-pins-y-karim-friha-encabezan-la-delegacion-gala-en-expocomic-madrid-12-al-15-de-diciembre","status":"publish","type":"post","link":"https:\/\/www.televisionalternativa.es\/000\/?p=5190","title":{"rendered":"Arthur de Pins y Karim Friha encabezan la delegaci\u00f3n gala en Expoc\u00f3mic , Madrid 12 al 15 de diciembre"},"content":{"rendered":"<p><script type=\"text\/javascript\"><!--\ngoogle_ad_client = \"ca-pub-9550527709244125\";\n\/* 468x60, creado 4\/11\/08 *\/\ngoogle_ad_slot = \"1483193768\";\ngoogle_ad_width = 468;\ngoogle_ad_height = 60;\n\/\/-->\n<\/script><br \/>\n<script type=\"text\/javascript\"\nsrc=\"http:\/\/pagead2.googlesyndication.com\/pagead\/show_ads.js\">\n<\/script> <\/p>\n<p>La participaci\u00f3n de autores franceses es un cl\u00e1sico indiscutible en el Sal\u00f3n Internacional del Tebeo de Madrid \u2013 Expoc\u00f3mic. As\u00ed que, en su decimosexta edici\u00f3n, las grandes firmas del pa\u00eds vecino no pod\u00edan faltar; en esta ocasi\u00f3n, la delegaci\u00f3n gala vendr\u00e1 encabezada por Arthur de Pins, autor de \u201cPecados veniales\u201d y referente internacional en el campo del dibujo vectorial, y Karim Friha, que ya desde su obra \u201cEl despertar del z\u00e9lfiro\u201d se ha convertido en uno de los grandes talentos presentes y, a buen seguro futuros, del noveno arte europeo. Entre el 12 y el 15 de diciembre, el Pabell\u00f3n de Cristal del Recinto Ferial de la Casa de Campo de Madrid bullir\u00e1 una vez m\u00e1s hermanando los principales pinceles del planeta&#8230; <\/p>\n<p>Arthur de Pins (Breta\u00f1a, Francia, 1977). Es uno de los mayores referentes actuales del dibujo vectorial, capaz de desenvolverse en los m\u00e1s diversos \u00e1mbitos profesionales: animaci\u00f3n, caricaturas, p\u00f3sters, portadas de libros y revistas y, por supuesto, c\u00f3mic. Conocido especialmente por su trabajo en \u201cPecados Veniales\u201d, la esencia de su trabajo aboga por la diversi\u00f3n y la sensualidad no exenta de contenidos jugosos, encontrando en su representaci\u00f3n de los g\u00e9neros un campo abonado para disparar mensajes en ocasiones nada solapados tanto a ellos como a ellas. \u201cAntikamasutra\u201d, \u201cLa marcha del cangrejo\u201d o \u201cZombillenium\u201d son otros de sus t\u00edtulos destacados. <\/p>\n<p>Karim Friha (Maison-Laffitte, Francia, 1980). Uno de esos talentos universales, tanto en forma como en fondo. Y es que este joven autor, de padre argelino y madre andaluza, no pudo evitar dejarse llevar por su innato amor por los pinceles abandonando su formaci\u00f3n matem\u00e1tica para centrarse en la belleza del estudio de la Historia del Arte. Conjuga su pasi\u00f3n por los grandes nombres del conocimiento, como Voltaire o V\u00edctor Hugo, con los grandes nombres del entretenimiento moderno como Matt Groening o Tim Burton. Todo bien, todo fluido, todo de lo m\u00e1s apetecible, como demuestra su principal trabajo hasta el momento, \u201cEl despertar del z\u00e9lfiro\u201d. <\/p>\n","protected":false},"excerpt":{"rendered":"La participaci\u00f3n de autores franceses es un cl\u00e1sico indiscutible en el Sal\u00f3n Internacional del Tebeo de Madrid \u2013 Expoc\u00f3mic. As\u00ed que, en su \n<a class=\"moretag\" href=\"https:\/\/www.televisionalternativa.es\/000\/?p=5190\"> [...]<\/a>","protected":false},"author":14,"featured_media":5191,"comment_status":"closed","ping_status":"open","sticky":false,"template":"","format":"standard","meta":{"footnotes":""},"categories":[3,705,257,616],"tags":[446,799,801,402,800],"class_list":["post-5190","post","type-post","status-publish","format-standard","has-post-thumbnail","hentry","category-blog","category-cultura","category-eventos","category-ocio","tag-comic","tag-expocomic","tag-fan","tag-manga","tag-tebeos"],"_links":{"self":[{"href":"https:\/\/www.televisionalternativa.es\/000\/index.php?rest_route=\/wp\/v2\/posts\/5190","targetHints":{"allow":["GET"]}}],"collection":[{"href":"https:\/\/www.televisionalternativa.es\/000\/index.php?rest_route=\/wp\/v2\/posts"}],"about":[{"href":"https:\/\/www.televisionalternativa.es\/000\/index.php?rest_route=\/wp\/v2\/types\/post"}],"author":[{"embeddable":true,"href":"https:\/\/www.televisionalternativa.es\/000\/index.php?rest_route=\/wp\/v2\/users\/14"}],"replies":[{"embeddable":true,"href":"https:\/\/www.televisionalternativa.es\/000\/index.php?rest_route=%2Fwp%2Fv2%2Fcomments&post=5190"}],"version-history":[{"count":2,"href":"https:\/\/www.televisionalternativa.es\/000\/index.php?rest_route=\/wp\/v2\/posts\/5190\/revisions"}],"predecessor-version":[{"id":5416,"href":"https:\/\/www.televisionalternativa.es\/000\/index.php?rest_route=\/wp\/v2\/posts\/5190\/revisions\/5416"}],"wp:featuredmedia":[{"embeddable":true,"href":"https:\/\/www.televisionalternativa.es\/000\/index.php?rest_route=\/wp\/v2\/media\/5191"}],"wp:attachment":[{"href":"https:\/\/www.televisionalternativa.es\/000\/index.php?rest_route=%2Fwp%2Fv2%2Fmedia&parent=5190"}],"wp:term":[{"taxonomy":"category","embeddable":true,"href":"https:\/\/www.televisionalternativa.es\/000\/index.php?rest_route=%2Fwp%2Fv2%2Fcategories&post=5190"},{"taxonomy":"post_tag","embeddable":true,"href":"https:\/\/www.televisionalternativa.es\/000\/index.php?rest_route=%2Fwp%2Fv2%2Ftags&post=5190"}],"curies":[{"name":"wp","href":"https:\/\/api.w.org\/{rel}","templated":true}]}}