{"id":5161,"date":"2013-11-01T00:53:38","date_gmt":"2013-11-01T00:53:38","guid":{"rendered":"http:\/\/www.televisionalternativa.es\/000\/?p=5161"},"modified":"2014-03-29T14:17:58","modified_gmt":"2014-03-29T14:17:58","slug":"halloween-los-origenes","status":"publish","type":"post","link":"https:\/\/www.televisionalternativa.es\/000\/?p=5161","title":{"rendered":"Halloween , los origenes."},"content":{"rendered":"<p>Los or\u00edgenes de la fiesta de Halloween, tienen distintas interpretaciones , con este video hemos querido mostrar los or\u00edgenes desde el punto de vista hist\u00f3rico , pero si tienes una interpretaci\u00f3n distinta , no dudes en contarnosla en un comentario del video.<\/p>\n<p>Halloween , tambi\u00e9n conocido como Noche de Brujas o Noche de Difuntos, es una fiesta de origen celta que se celebra internacionalmente en la noche del 31 de octubre, sobre todo en pa\u00edses anglosajones como Canad\u00e1, Estados Unidos, Irlanda o Reino Unido, y, en menor medida, en Argentina ,Chile, Colombia, M\u00e9xico, Per\u00fa o el conjunto de Latinoamerica, Y gran parte de Espa\u00f1a. <\/p>\n<p>Sus ra\u00edces est\u00e1n vinculadas con la conmemoraci\u00f3n celta del Samhain y la festividad cristiana del D\u00eda de Todos los Santos, celebrada por los cat\u00f3licos el 1 de noviembre.<\/p>\n<p><object width=\"640\" height=\"360\" classid=\"clsid:d27cdb6e-ae6d-11cf-96b8-444553540000\" codebase=\"http:\/\/download.macromedia.com\/pub\/shockwave\/cabs\/flash\/swflash.cab#version=6,0,40,0\"><param name=\"allowFullScreen\" value=\"true\" \/><param name=\"allowscriptaccess\" value=\"always\" \/><param name=\"src\" value=\"http:\/\/www.youtube.com\/v\/cdwbgFjx2Xk&amp;autoplay=1?version=3&amp;hl=es_ES\" \/><param name=\"allowfullscreen\" value=\"true\" \/><embed width=\"640\" height=\"360\" type=\"application\/x-shockwave-flash\" src=\"http:\/\/www.youtube.com\/v\/cdwbgFjx2Xk&amp;autoplay=1?version=3&amp;hl=es_ES\" allowFullScreen=\"true\" allowscriptaccess=\"always\" allowfullscreen=\"true\" \/><\/object><\/p>\n","protected":false},"excerpt":{"rendered":"Los or\u00edgenes de la fiesta de Halloween, tienen distintas interpretaciones , con este video hemos querido mostrar los or\u00edgenes desde el punto de \n<a class=\"moretag\" href=\"https:\/\/www.televisionalternativa.es\/000\/?p=5161\"> [...]<\/a>","protected":false},"author":14,"featured_media":5162,"comment_status":"closed","ping_status":"open","sticky":false,"template":"","format":"standard","meta":{"footnotes":""},"categories":[3,705],"tags":[796,177,798,797],"class_list":["post-5161","post","type-post","status-publish","format-standard","has-post-thumbnail","hentry","category-blog","category-cultura","tag-halloween","tag-historia","tag-origenes","tag-samhain"],"_links":{"self":[{"href":"https:\/\/www.televisionalternativa.es\/000\/index.php?rest_route=\/wp\/v2\/posts\/5161","targetHints":{"allow":["GET"]}}],"collection":[{"href":"https:\/\/www.televisionalternativa.es\/000\/index.php?rest_route=\/wp\/v2\/posts"}],"about":[{"href":"https:\/\/www.televisionalternativa.es\/000\/index.php?rest_route=\/wp\/v2\/types\/post"}],"author":[{"embeddable":true,"href":"https:\/\/www.televisionalternativa.es\/000\/index.php?rest_route=\/wp\/v2\/users\/14"}],"replies":[{"embeddable":true,"href":"https:\/\/www.televisionalternativa.es\/000\/index.php?rest_route=%2Fwp%2Fv2%2Fcomments&post=5161"}],"version-history":[{"count":3,"href":"https:\/\/www.televisionalternativa.es\/000\/index.php?rest_route=\/wp\/v2\/posts\/5161\/revisions"}],"predecessor-version":[{"id":5418,"href":"https:\/\/www.televisionalternativa.es\/000\/index.php?rest_route=\/wp\/v2\/posts\/5161\/revisions\/5418"}],"wp:featuredmedia":[{"embeddable":true,"href":"https:\/\/www.televisionalternativa.es\/000\/index.php?rest_route=\/wp\/v2\/media\/5162"}],"wp:attachment":[{"href":"https:\/\/www.televisionalternativa.es\/000\/index.php?rest_route=%2Fwp%2Fv2%2Fmedia&parent=5161"}],"wp:term":[{"taxonomy":"category","embeddable":true,"href":"https:\/\/www.televisionalternativa.es\/000\/index.php?rest_route=%2Fwp%2Fv2%2Fcategories&post=5161"},{"taxonomy":"post_tag","embeddable":true,"href":"https:\/\/www.televisionalternativa.es\/000\/index.php?rest_route=%2Fwp%2Fv2%2Ftags&post=5161"}],"curies":[{"name":"wp","href":"https:\/\/api.w.org\/{rel}","templated":true}]}}