{"id":5155,"date":"2013-11-01T00:49:22","date_gmt":"2013-11-01T00:49:22","guid":{"rendered":"http:\/\/www.televisionalternativa.es\/000\/?p=5155"},"modified":"2014-03-29T14:17:58","modified_gmt":"2014-03-29T14:17:58","slug":"la-lego-pelicula-debut-mundial","status":"publish","type":"post","link":"https:\/\/www.televisionalternativa.es\/000\/?p=5155","title":{"rendered":"LA LEGO PEL\u00cdCULA\u00bb &#8211; DEBUT MUNDIAL"},"content":{"rendered":"<p><script type=\"text\/javascript\"><!--\ngoogle_ad_client = \"ca-pub-9550527709244125\";\n\/* 468x60, creado 4\/11\/08 *\/\ngoogle_ad_slot = \"1483193768\";\ngoogle_ad_width = 468;\ngoogle_ad_height = 60;\n\/\/-->\n<\/script><br \/>\n<script type=\"text\/javascript\"\nsrc=\"http:\/\/pagead2.googlesyndication.com\/pagead\/show_ads.js\">\n<\/script> <\/p>\n<p>\u201cLA LEGO\u00ae PEL\u00cdCULA\u201d  es la primera aventura LEGO\u00ae en forma de largometraje. Dirigida por Phil Lord y Christopher Miller, est\u00e1 protagonizada por Chris Pratt, Will Ferrell, Elizabeth Banks, Will Arnett, Nick Offerman, Alison Brie y Charlie Day, y en ella tambi\u00e9n participan Liam Neeson y Morgan Freeman. <\/p>\n<p>Esta original historia animada por ordenador en 3D cuenta la historia de Emmet, una figurita LEGO absolutamente normal y fiel a las normas que es identificada por error como la persona m\u00e1s extraordinaria y la clave para salvar al mundo. Se ve entonces inmerso en una b\u00fasqueda \u00e9pica para detener a un malvado tirano junto a un grupo de desconocidos, una aventura para la que Emmet no est\u00e1 preparado en absoluto.<\/p>\n<p><strong>Trailer<\/strong><\/p>\n<p><object width=\"560\" height=\"315\"><param name=\"movie\" value=\"\/\/www.youtube.com\/v\/Q8TflLDiQZE?hl=es_ES&amp;version=3\"><\/param><param name=\"allowFullScreen\" value=\"true\"><\/param><param name=\"allowscriptaccess\" value=\"always\"><\/param><embed src=\"\/\/www.youtube.com\/v\/Q8TflLDiQZE?hl=es_ES&amp;version=3\" type=\"application\/x-shockwave-flash\" width=\"560\" height=\"315\" allowscriptaccess=\"always\" allowfullscreen=\"true\"><\/embed><\/object><\/p>\n","protected":false},"excerpt":{"rendered":"\u201cLA LEGO\u00ae PEL\u00cdCULA\u201d es la primera aventura LEGO\u00ae en forma de largometraje. Dirigida por Phil Lord y Christopher Miller, est\u00e1 protagonizada por Chris \n<a class=\"moretag\" href=\"https:\/\/www.televisionalternativa.es\/000\/?p=5155\"> [...]<\/a>","protected":false},"author":14,"featured_media":5157,"comment_status":"closed","ping_status":"open","sticky":false,"template":"","format":"standard","meta":{"footnotes":""},"categories":[3,63],"tags":[198,64,65,795,68],"class_list":["post-5155","post","type-post","status-publish","format-standard","has-post-thumbnail","hentry","category-blog","category-cine","tag-cartelera","tag-cine-2","tag-estrenos","tag-lego","tag-noticias"],"_links":{"self":[{"href":"https:\/\/www.televisionalternativa.es\/000\/index.php?rest_route=\/wp\/v2\/posts\/5155","targetHints":{"allow":["GET"]}}],"collection":[{"href":"https:\/\/www.televisionalternativa.es\/000\/index.php?rest_route=\/wp\/v2\/posts"}],"about":[{"href":"https:\/\/www.televisionalternativa.es\/000\/index.php?rest_route=\/wp\/v2\/types\/post"}],"author":[{"embeddable":true,"href":"https:\/\/www.televisionalternativa.es\/000\/index.php?rest_route=\/wp\/v2\/users\/14"}],"replies":[{"embeddable":true,"href":"https:\/\/www.televisionalternativa.es\/000\/index.php?rest_route=%2Fwp%2Fv2%2Fcomments&post=5155"}],"version-history":[{"count":4,"href":"https:\/\/www.televisionalternativa.es\/000\/index.php?rest_route=\/wp\/v2\/posts\/5155\/revisions"}],"predecessor-version":[{"id":5159,"href":"https:\/\/www.televisionalternativa.es\/000\/index.php?rest_route=\/wp\/v2\/posts\/5155\/revisions\/5159"}],"wp:featuredmedia":[{"embeddable":true,"href":"https:\/\/www.televisionalternativa.es\/000\/index.php?rest_route=\/wp\/v2\/media\/5157"}],"wp:attachment":[{"href":"https:\/\/www.televisionalternativa.es\/000\/index.php?rest_route=%2Fwp%2Fv2%2Fmedia&parent=5155"}],"wp:term":[{"taxonomy":"category","embeddable":true,"href":"https:\/\/www.televisionalternativa.es\/000\/index.php?rest_route=%2Fwp%2Fv2%2Fcategories&post=5155"},{"taxonomy":"post_tag","embeddable":true,"href":"https:\/\/www.televisionalternativa.es\/000\/index.php?rest_route=%2Fwp%2Fv2%2Ftags&post=5155"}],"curies":[{"name":"wp","href":"https:\/\/api.w.org\/{rel}","templated":true}]}}