{"id":5075,"date":"2013-09-03T01:08:20","date_gmt":"2013-09-03T01:08:20","guid":{"rendered":"http:\/\/www.televisionalternativa.es\/000\/?p=5075"},"modified":"2014-03-29T14:17:59","modified_gmt":"2014-03-29T14:17:59","slug":"las-cosplayers-lupin-y-lillyn-en-la-vii-japan-weekend-madrid","status":"publish","type":"post","link":"https:\/\/www.televisionalternativa.es\/000\/?p=5075","title":{"rendered":"Las cosplayers   Lupin y Lillyn en la VII Japan Weekend Madrid"},"content":{"rendered":"<p><script type=\"text\/javascript\"><!--\ngoogle_ad_client = \"ca-pub-9550527709244125\";\n\/* 468x60, creado 4\/11\/08 *\/\ngoogle_ad_slot = \"1483193768\";\ngoogle_ad_width = 468;\ngoogle_ad_height = 60;\n\/\/-->\n<\/script><br \/>\n<script type=\"text\/javascript\"\nsrc=\"http:\/\/pagead2.googlesyndication.com\/pagead\/show_ads.js\">\n<\/script> <\/p>\n<p>Hace unos d\u00edas anunciamos los primeros invitados del mundillo cosplayer al pr\u00f3ximo VII Japan Weekend Madrid, que se celebrar\u00e1 los pr\u00f3ximos 21 y 22 de septiembre de 2013 en el Recinto Ferial de la Casa de Campo, siendo el evento de manganime m\u00e1s grande de la historia de la Comunidad de Madrid, al disponer de tres recintos simult\u00e1neamente. Pues hoy nos complace anunciar a nuestra segunda pareja, en este caso provienen de Dinamarca, y ella son las hermanas Lupin y Lillyn.<\/p>\n<div>\n<div dir=\"ltr\">\n<div><img loading=\"lazy\" decoding=\"async\" src=\"https:\/\/lh5.googleusercontent.com\/n79-loGtqCEkblB6LobB0cjal3p9pfRn3u9sIEx_MlLKbKMYfqF7yeRBYHALcRFTvdrTHroRVSc2Z4c6zGr2OKUz7wxCIs1tmFnWHg6rd2gW-Iw2w3GS3NIfUA\" alt=\"\" width=\"611\" height=\"407\" \/><\/div>\n<p dir=\"ltr\">Ambas son conocidas en el panorama cosplayer internacional, ya que juntas fueron representantes de Dinamarca en el World Cosplay Summit del a\u00f1o 2010, y por su lado Lupin, form\u00f3 tambi\u00e9n parte del equipo dan\u00e9s en el European Cosplay Gathering de este a\u00f1o 2013, quedando su equipo terceras clasificadas.<\/p>\n<p dir=\"ltr\">Ambas tienen bastantes buenos cosplays a las espaldas, pero podr\u00edamos destacar a Lupin por su alto nivel en cuanto a caracterizaci\u00f3n se refiere as\u00ed como a la hora de realizar y elaborar actuaciones.<\/p>\n<div><img loading=\"lazy\" decoding=\"async\" src=\"https:\/\/lh6.googleusercontent.com\/cqDZJDQaNvqiqRBfrhGX1N-jir1rhVlmb_hA1KZiA7Es2DKMcBd18__YdMYO2T529f0Eze9AUZZW1h36HJSHWFNs-HD7W5148-7HWbiwhHXpCCXJSaIqJJkcBA\" alt=\"\" width=\"521\" height=\"696\" \/><\/div>\n<p dir=\"ltr\">Por su parte Lillyn se desenvuelve muy bien en los escenarios ya que aparte de sus dotes como cosplayer, es bailarina profesional .<\/p>\n<div><img loading=\"lazy\" decoding=\"async\" src=\"https:\/\/lh4.googleusercontent.com\/OKo4NJggclNVll_ZpKTHch0x9e5KNGMnconV3hz9qO_cYfra_hfUF44nbyGbD0emnALT2CSA1lXr6CIewqTk_IP2fGanFIUopKQEpjvrD3SsEILcMt4X-BZWzA\" alt=\"\" width=\"456\" height=\"684\" \/><\/div>\n<p dir=\"ltr\">Ambas tienen presencia en internet, con fanpages en Facebook, <a href=\"https:\/\/www.facebook.com\/pages\/Lupin-Cosplay\/385386944821475\" target=\"_blank\">Lupin<\/a> y <a href=\"https:\/\/www.facebook.com\/pages\/Lillyn-Cosplay\/330501506999951?fref=ts\" target=\"_blank\">Lillyn<\/a>, y est\u00e1 \u00faltima tambi\u00e9n dispone de <a href=\"http:\/\/www.lillyncosplay.com\/\" target=\"_blank\">p\u00e1gina web<\/a> propia. En cualquiera de ellas podr\u00e9is estar al tanto y seguir sus noticias y progresos.<\/p>\n<p dir=\"ltr\">Junto a Hermione y Shaykow, completar\u00e1n el elenco cosplayer invitado a este VII Japan Weekend Madrid y en los pr\u00f3ximos d\u00edas informaremos sobre las actividades que todos realizar\u00e1n as\u00ed como cuando se les podr\u00e1 ver de cerca por todos los asistentes al evento.<\/p>\n<p dir=\"ltr\">\u00a1Nos vemos los d\u00edas 21 y 22 de septiembre!<\/p>\n<\/div>\n<\/div>\n<p><script type=\"text\/javascript\" src=\"http:\/\/pagead2.googlesyndication.com\/pagead\/show_ads.js\">\/\/ <![CDATA[\n\n\/\/ ]]><\/script><\/p>\n","protected":false},"excerpt":{"rendered":"Hace unos d\u00edas anunciamos los primeros invitados del mundillo cosplayer al pr\u00f3ximo VII Japan Weekend Madrid, que se celebrar\u00e1 los pr\u00f3ximos 21 y \n<a class=\"moretag\" href=\"https:\/\/www.televisionalternativa.es\/000\/?p=5075\"> [...]<\/a>","protected":false},"author":14,"featured_media":5076,"comment_status":"closed","ping_status":"open","sticky":false,"template":"","format":"standard","meta":{"footnotes":""},"categories":[3,705,17,257],"tags":[326,403,488,327,164],"class_list":["post-5075","post","type-post","status-publish","format-standard","has-post-thumbnail","hentry","category-blog","category-cultura","category-entretenimiento","category-eventos","tag-alternativa","tag-cosplay","tag-otaku","tag-television-2","tag-videojuegos-3"],"_links":{"self":[{"href":"https:\/\/www.televisionalternativa.es\/000\/index.php?rest_route=\/wp\/v2\/posts\/5075","targetHints":{"allow":["GET"]}}],"collection":[{"href":"https:\/\/www.televisionalternativa.es\/000\/index.php?rest_route=\/wp\/v2\/posts"}],"about":[{"href":"https:\/\/www.televisionalternativa.es\/000\/index.php?rest_route=\/wp\/v2\/types\/post"}],"author":[{"embeddable":true,"href":"https:\/\/www.televisionalternativa.es\/000\/index.php?rest_route=\/wp\/v2\/users\/14"}],"replies":[{"embeddable":true,"href":"https:\/\/www.televisionalternativa.es\/000\/index.php?rest_route=%2Fwp%2Fv2%2Fcomments&post=5075"}],"version-history":[{"count":3,"href":"https:\/\/www.televisionalternativa.es\/000\/index.php?rest_route=\/wp\/v2\/posts\/5075\/revisions"}],"predecessor-version":[{"id":5078,"href":"https:\/\/www.televisionalternativa.es\/000\/index.php?rest_route=\/wp\/v2\/posts\/5075\/revisions\/5078"}],"wp:featuredmedia":[{"embeddable":true,"href":"https:\/\/www.televisionalternativa.es\/000\/index.php?rest_route=\/wp\/v2\/media\/5076"}],"wp:attachment":[{"href":"https:\/\/www.televisionalternativa.es\/000\/index.php?rest_route=%2Fwp%2Fv2%2Fmedia&parent=5075"}],"wp:term":[{"taxonomy":"category","embeddable":true,"href":"https:\/\/www.televisionalternativa.es\/000\/index.php?rest_route=%2Fwp%2Fv2%2Fcategories&post=5075"},{"taxonomy":"post_tag","embeddable":true,"href":"https:\/\/www.televisionalternativa.es\/000\/index.php?rest_route=%2Fwp%2Fv2%2Ftags&post=5075"}],"curies":[{"name":"wp","href":"https:\/\/api.w.org\/{rel}","templated":true}]}}