{"id":4960,"date":"2013-06-17T16:37:54","date_gmt":"2013-06-17T16:37:54","guid":{"rendered":"http:\/\/www.televisionalternativa.es\/000\/?p=4960"},"modified":"2014-03-29T14:18:04","modified_gmt":"2014-03-29T14:18:04","slug":"vii-japan-weekend-madrid-korean-emotion-y-anime-festival-21-y-22-de-septiembre-de-2013-en-el-recinto-ferial-casa-de-campo","status":"publish","type":"post","link":"https:\/\/www.televisionalternativa.es\/000\/?p=4960","title":{"rendered":"VII Japan Weekend Madrid, Korean Emotion y Anime Festival &#8211; 21 y 22 de septiembre de 2013 en el Recinto Ferial Casa de Campo."},"content":{"rendered":"<p><script type=\"text\/javascript\"><!--\ngoogle_ad_client = \"ca-pub-9550527709244125\";\n\/* 468x60, creado 4\/11\/08 *\/\ngoogle_ad_slot = \"1483193768\";\ngoogle_ad_width = 468;\ngoogle_ad_height = 60;\n\/\/-->\n<\/script><\/p>\n<p><script type=\"text\/javascript\"\nsrc=\"http:\/\/pagead2.googlesyndication.com\/pagead\/show_ads.js\">\n<\/script> <\/p>\n<p>La pr\u00f3xima edici\u00f3n de Japan Weekend Madrid, llamada VII Japan Weekend Madrid, Korean Emotion y Anime Festival se celebrara los d\u00edas 21 y 22 de septiembre de 2013 en el Recinto Ferial Casa de Campo.<\/p>\n<p>\u00bfPor qu\u00e9 decimos que se celebra en Casa de Campo y no en un pabell\u00f3n en concreto? Porque el evento ha crecido para dar soporte a la afluencia de visitas que cada a\u00f1o aumenta y ser\u00e1n 3 los pabellones en los que se celebren los eventos. Estos pabellones ser\u00e1n La Pipa, Convenciones y Auditorio, sumando 14000m2 pudiendo decir as\u00ed que sera el mayor evento de la Historia de Madrid.<\/p>\n<p>Otra de las grandes novedades es la cantidad de novedades que se publicaran para el evento, jam\u00e1s se hab\u00edan prestado tanta atenci\u00f3n en un evento en Madrid a tener un catalogo de novedades de anime y de manga. Hay algunas confirmadas como Holy Kight y Elfen Lied, pero a lo largo del mes se ir\u00e1n anunciando m\u00e1s gracias a los sellos Japan Weekend Manga, Japan Weekend Anime y a la colaboraci\u00f3n con Selecta Visi\u00f3n.<\/p>\n<p>Corea tendr\u00e1 su evento propio incluido, cada vez hay mas aficionados que adem\u00e1s de la cultura japonesa se interesan tambi\u00e9n por la coreana y tendr\u00e1n su lugar en el evento.<\/p>\n<p>El cartel, obra de la autora Eternal-S (<a href=\"http:\/\/eternal-s.com\/\" target=\"_blank\">http:\/\/eternal-s.com\/<\/a>), destaca el hecho de este crecimiento mostrando los 3 pabellones en los que se celebrar\u00e1 el evento.<\/p>\n<div><img decoding=\"async\" src=\"http:\/\/jointoe.com\/doc\/jwm2013b\/cartel\/cartel-jwm-2013b-1.0-600.jpg\" alt=\"http:\/\/jointoe.com\/doc\/jwm2013b\/cartel\/cartel-jwm-2013b-1.0-600.jpg\" \/><\/div>\n<p>Como otros a\u00f1os los concursos de Cosplay, Karaoke, Dance y torneos de videojuegos se dar\u00e1n cita en el evento siendo estos uno de los mayores atractivos.<br \/>\nPr\u00f3ximamente anunciaremos m\u00e1s actividades, algunas de las cuales se celebrar\u00e1n por primera vez en Japan Weekend Madrid, que seguro que son del gusto de los visitantes.<br \/>\n<strong><br \/>\nVII Japan Weekend Madrid 2.0<br \/>\nAnime Festival<br \/>\nKorean Emotion<\/strong><strong><br \/>\n21 y 22 de septiembre de 2013<br \/>\nRecinto Ferial Casa de Campo<br \/>\n<a href=\"http:\/\/www.japanweekend.net\/madrid\" target=\"_blank\">www.japanweekend.net\/madrid<\/a><br \/>\n<\/strong><\/p>\n","protected":false},"excerpt":{"rendered":"La pr\u00f3xima edici\u00f3n de Japan Weekend Madrid, llamada VII Japan Weekend Madrid, Korean Emotion y Anime Festival se celebrara los d\u00edas 21 y \n<a class=\"moretag\" href=\"https:\/\/www.televisionalternativa.es\/000\/?p=4960\"> [...]<\/a>","protected":false},"author":14,"featured_media":4961,"comment_status":"closed","ping_status":"closed","sticky":false,"template":"","format":"standard","meta":{"footnotes":""},"categories":[3,257],"tags":[114,403,340,497,770,498],"class_list":["post-4960","post","type-post","status-publish","format-standard","has-post-thumbnail","hentry","category-blog","category-eventos","tag-anime","tag-cosplay","tag-festival","tag-japan","tag-korean","tag-weekend"],"_links":{"self":[{"href":"https:\/\/www.televisionalternativa.es\/000\/index.php?rest_route=\/wp\/v2\/posts\/4960","targetHints":{"allow":["GET"]}}],"collection":[{"href":"https:\/\/www.televisionalternativa.es\/000\/index.php?rest_route=\/wp\/v2\/posts"}],"about":[{"href":"https:\/\/www.televisionalternativa.es\/000\/index.php?rest_route=\/wp\/v2\/types\/post"}],"author":[{"embeddable":true,"href":"https:\/\/www.televisionalternativa.es\/000\/index.php?rest_route=\/wp\/v2\/users\/14"}],"replies":[{"embeddable":true,"href":"https:\/\/www.televisionalternativa.es\/000\/index.php?rest_route=%2Fwp%2Fv2%2Fcomments&post=4960"}],"version-history":[{"count":4,"href":"https:\/\/www.televisionalternativa.es\/000\/index.php?rest_route=\/wp\/v2\/posts\/4960\/revisions"}],"predecessor-version":[{"id":4963,"href":"https:\/\/www.televisionalternativa.es\/000\/index.php?rest_route=\/wp\/v2\/posts\/4960\/revisions\/4963"}],"wp:featuredmedia":[{"embeddable":true,"href":"https:\/\/www.televisionalternativa.es\/000\/index.php?rest_route=\/wp\/v2\/media\/4961"}],"wp:attachment":[{"href":"https:\/\/www.televisionalternativa.es\/000\/index.php?rest_route=%2Fwp%2Fv2%2Fmedia&parent=4960"}],"wp:term":[{"taxonomy":"category","embeddable":true,"href":"https:\/\/www.televisionalternativa.es\/000\/index.php?rest_route=%2Fwp%2Fv2%2Fcategories&post=4960"},{"taxonomy":"post_tag","embeddable":true,"href":"https:\/\/www.televisionalternativa.es\/000\/index.php?rest_route=%2Fwp%2Fv2%2Ftags&post=4960"}],"curies":[{"name":"wp","href":"https:\/\/api.w.org\/{rel}","templated":true}]}}