{"id":4947,"date":"2013-05-29T19:54:09","date_gmt":"2013-05-29T19:54:09","guid":{"rendered":"http:\/\/www.televisionalternativa.es\/000\/?p=4947"},"modified":"2014-03-29T14:18:05","modified_gmt":"2014-03-29T14:18:05","slug":"nuestro-documental-tarde-de-transistores-compite-en-el-festival-de-cine-de-elche","status":"publish","type":"post","link":"https:\/\/www.televisionalternativa.es\/000\/?p=4947","title":{"rendered":"Nuestro documental \u00abTarde de transistores\u00bb compite en el festival de cine de Elche"},"content":{"rendered":"<p>Nuestro documental \u00abTarde de transistores\u00bb compite en el festival de cine de Elche, entrad a verlo y votadnos \ud83d\ude42<\/p>\n<p><a href=\"http:\/\/www.festivalcineelx.es\/Ficha.aspx?id=02572af1-467a-4cbf-8277-1db65f8520b6\" title=\"http:\/\/www.festivalcineelx.es\/Ficha.aspx?id=02572af1-467a-4cbf-8277-1db65f8520b6\">http:\/\/www.festivalcineelx.es\/Ficha.aspx?id=02572af1-467a-4cbf-8277-1db65f8520b6<\/a><\/p>\n<p> Sinopsis:<\/p>\n<p>\u2018Tarde de transistores\u2019 es un documental que se acerca al conflicto surgido entre los clubes de f\u00fatbol y la emisoras de radio, que han vivido una temporada at\u00edpica, donde se recoge la voz de todos los que tienen algo que decir en este asunto. Opiniones, datos, explicaciones, an\u00e9cdotas de lo m\u00e1s granado de la radio deportiva de fin de semana convierten a \u2018Tarde de transistores\u2019 en un documental imprescindible para entender dicho conflicto.<\/p>\n<p> Director: Jos\u00e9 Javier Arce Cid<br \/>\nA\u00f1o: 2013<br \/>\nProducci\u00f3n: Jose Javier Arce Cid<br \/>\nCategor\u00eda: DOCUMENTAL<br \/>\nGui\u00f3n: Roberto Marb\u00e1n Bermejo<br \/>\nTema: Documental<br \/>\nFotograf\u00eda: Julio Alberto Paniagua<br \/>\nFormato Original: V\u00eddeo<br \/>\nMontaje: Cristina Marchamalo<br \/>\nDuraci\u00f3n: 16:27<br \/>\nReparto:<\/p>\n<p>Javier Ares, Jos\u00e9 Antonio Abell\u00e1n, Paco Gonz\u00e1lez, Chema Abad, Javier Tebas, Rub\u00e9n Mart\u00edn.<\/p>\n","protected":false},"excerpt":{"rendered":"Nuestro documental \u00abTarde de transistores\u00bb compite en el festival de cine de Elche, entrad a verlo y votadnos \ud83d\ude42 http:\/\/www.festivalcineelx.es\/Ficha.aspx?id=02572af1-467a-4cbf-8277-1db65f8520b6 Sinopsis: \u2018Tarde de \n<a class=\"moretag\" href=\"https:\/\/www.televisionalternativa.es\/000\/?p=4947\"> [...]<\/a>","protected":false},"author":14,"featured_media":4948,"comment_status":"closed","ping_status":"open","sticky":false,"template":"","format":"standard","meta":{"footnotes":""},"categories":[3,63],"tags":[64,499,340,364],"class_list":["post-4947","post","type-post","status-publish","format-standard","has-post-thumbnail","hentry","category-blog","category-cine","tag-cine-2","tag-concurso","tag-festival","tag-futbol"],"_links":{"self":[{"href":"https:\/\/www.televisionalternativa.es\/000\/index.php?rest_route=\/wp\/v2\/posts\/4947","targetHints":{"allow":["GET"]}}],"collection":[{"href":"https:\/\/www.televisionalternativa.es\/000\/index.php?rest_route=\/wp\/v2\/posts"}],"about":[{"href":"https:\/\/www.televisionalternativa.es\/000\/index.php?rest_route=\/wp\/v2\/types\/post"}],"author":[{"embeddable":true,"href":"https:\/\/www.televisionalternativa.es\/000\/index.php?rest_route=\/wp\/v2\/users\/14"}],"replies":[{"embeddable":true,"href":"https:\/\/www.televisionalternativa.es\/000\/index.php?rest_route=%2Fwp%2Fv2%2Fcomments&post=4947"}],"version-history":[{"count":5,"href":"https:\/\/www.televisionalternativa.es\/000\/index.php?rest_route=\/wp\/v2\/posts\/4947\/revisions"}],"predecessor-version":[{"id":4950,"href":"https:\/\/www.televisionalternativa.es\/000\/index.php?rest_route=\/wp\/v2\/posts\/4947\/revisions\/4950"}],"wp:featuredmedia":[{"embeddable":true,"href":"https:\/\/www.televisionalternativa.es\/000\/index.php?rest_route=\/wp\/v2\/media\/4948"}],"wp:attachment":[{"href":"https:\/\/www.televisionalternativa.es\/000\/index.php?rest_route=%2Fwp%2Fv2%2Fmedia&parent=4947"}],"wp:term":[{"taxonomy":"category","embeddable":true,"href":"https:\/\/www.televisionalternativa.es\/000\/index.php?rest_route=%2Fwp%2Fv2%2Fcategories&post=4947"},{"taxonomy":"post_tag","embeddable":true,"href":"https:\/\/www.televisionalternativa.es\/000\/index.php?rest_route=%2Fwp%2Fv2%2Ftags&post=4947"}],"curies":[{"name":"wp","href":"https:\/\/api.w.org\/{rel}","templated":true}]}}