{"id":4307,"date":"2013-04-17T15:34:23","date_gmt":"2013-04-17T15:34:23","guid":{"rendered":"http:\/\/www.televisionalternativa.es\/000\/?p=4307"},"modified":"2014-03-29T14:18:10","modified_gmt":"2014-03-29T14:18:10","slug":"entrevista-al-grupo-voodoo-en-un-descanso-de-la-grabacion-de-su-nuevo-videoclip-tattoo","status":"publish","type":"post","link":"https:\/\/www.televisionalternativa.es\/000\/?p=4307","title":{"rendered":"Entrevista al grupo Voodoo , en un descanso de la grabaci\u00f3n de su nuevo videoclip \u00abTattoo\u00bb"},"content":{"rendered":"<p>El pasado S\u00e1bado , entrevistamos a Greg , el cantante de Voodoo , que hizo un descanso en la grabaci\u00f3n de su nuevo videoclip \u00abTatto\u00bb , para  hablarnos sobre sus nuevos proyectos.<\/p>\n<p><object width=\"640\" height=\"360\" classid=\"clsid:d27cdb6e-ae6d-11cf-96b8-444553540000\" codebase=\"http:\/\/download.macromedia.com\/pub\/shockwave\/cabs\/flash\/swflash.cab#version=6,0,40,0\"><param name=\"allowFullScreen\" value=\"true\" \/><param name=\"allowscriptaccess\" value=\"always\" \/><param name=\"src\" value=\"http:\/\/www.youtube.com\/v\/im-V3D391mQ&amp;autoplay=1?version=3&amp;hl=es_ES\" \/><param name=\"allowfullscreen\" value=\"true\" \/><embed width=\"640\" height=\"360\" type=\"application\/x-shockwave-flash\" src=\"http:\/\/www.youtube.com\/v\/im-V3D391mQ&amp;autoplay=1?version=3&amp;hl=es_ES\" allowFullScreen=\"true\" allowscriptaccess=\"always\" allowfullscreen=\"true\" \/><\/object><\/p>\n<p> \u201cVOODOO\u201d se forma en 2010 en un estudio de m\u00fasica en Yeles (Toledo). Sus integrantes, Gregorio (Greg) y Gustavo (Gus), amigos y unidos por la m\u00fasica, deciden comenzar un proyecto com\u00fan: formar una banda d\u00f3nde Greg es \u201cla voz\u201d y autor de todos los temas, y acompa\u00f1a, adem\u00e1s, con guitarra ac\u00fastica. Gus, por su parte, al bajo, guitarra el\u00e9ctrica o espa\u00f1ola, es responsable de la composici\u00f3n musical as\u00ed como de los arreglos que conlleva la misma.<\/p>\n<p>VOODOO compone un tipo de m\u00fasica, que, lejos de seguir una misma direcci\u00f3n, arriesga con diferentes estilos que van desde el rock, con algunas notas de flamenco y pasando por temas \u00e9tnicos, de ah\u00ed surge el nombre de su primer disco \u201cAROUND THE WORLD\u201d, que ve la luz en Mayo de 2012.<\/p>\n<p>En Enero de 2013 y continuando con esa versatilidad que los caracteriza, VOODOO presenta los singles \u201cTATTOO\u201d y \u201cROMPER LA VOZ\u201d, extra\u00eddos de su segundo trabajo \u201cXTREMES\u201d, que al igual que el disco anterior, y de forma m\u00e1s radical (EXTREMOS), enfrenta temas \u201cDance\u201d con sonidos \u201cPop\u201d y as\u00ed sucesivamente hasta completar los 13 singles que lo componen.<\/p>\n<p>Podeis ver un adelanto de su videoclip en el siguiente enlace: <\/p>\n<p><iframe loading=\"lazy\" title=\"VOODOO - TATTOO AVANCE - DANCE MUSIC 2013\" width=\"747\" height=\"560\" src=\"https:\/\/www.youtube.com\/embed\/5U-N5nY0y4k?feature=oembed\" frameborder=\"0\" allow=\"accelerometer; autoplay; encrypted-media; gyroscope; picture-in-picture\" allowfullscreen><\/iframe><\/p>\n","protected":false},"excerpt":{"rendered":"El pasado S\u00e1bado , entrevistamos a Greg , el cantante de Voodoo , que hizo un descanso en la grabaci\u00f3n de su nuevo \n<a class=\"moretag\" href=\"https:\/\/www.televisionalternativa.es\/000\/?p=4307\"> [...]<\/a>","protected":false},"author":14,"featured_media":4308,"comment_status":"closed","ping_status":"closed","sticky":false,"template":"","format":"standard","meta":{"footnotes":""},"categories":[3,71],"tags":[111,735,733,734],"class_list":["post-4307","post","type-post","status-publish","format-standard","has-post-thumbnail","hentry","category-blog","category-musica","tag-musica-2","tag-tattoo","tag-voodoo","tag-vudu"],"_links":{"self":[{"href":"https:\/\/www.televisionalternativa.es\/000\/index.php?rest_route=\/wp\/v2\/posts\/4307","targetHints":{"allow":["GET"]}}],"collection":[{"href":"https:\/\/www.televisionalternativa.es\/000\/index.php?rest_route=\/wp\/v2\/posts"}],"about":[{"href":"https:\/\/www.televisionalternativa.es\/000\/index.php?rest_route=\/wp\/v2\/types\/post"}],"author":[{"embeddable":true,"href":"https:\/\/www.televisionalternativa.es\/000\/index.php?rest_route=\/wp\/v2\/users\/14"}],"replies":[{"embeddable":true,"href":"https:\/\/www.televisionalternativa.es\/000\/index.php?rest_route=%2Fwp%2Fv2%2Fcomments&post=4307"}],"version-history":[{"count":7,"href":"https:\/\/www.televisionalternativa.es\/000\/index.php?rest_route=\/wp\/v2\/posts\/4307\/revisions"}],"predecessor-version":[{"id":5477,"href":"https:\/\/www.televisionalternativa.es\/000\/index.php?rest_route=\/wp\/v2\/posts\/4307\/revisions\/5477"}],"wp:featuredmedia":[{"embeddable":true,"href":"https:\/\/www.televisionalternativa.es\/000\/index.php?rest_route=\/wp\/v2\/media\/4308"}],"wp:attachment":[{"href":"https:\/\/www.televisionalternativa.es\/000\/index.php?rest_route=%2Fwp%2Fv2%2Fmedia&parent=4307"}],"wp:term":[{"taxonomy":"category","embeddable":true,"href":"https:\/\/www.televisionalternativa.es\/000\/index.php?rest_route=%2Fwp%2Fv2%2Fcategories&post=4307"},{"taxonomy":"post_tag","embeddable":true,"href":"https:\/\/www.televisionalternativa.es\/000\/index.php?rest_route=%2Fwp%2Fv2%2Ftags&post=4307"}],"curies":[{"name":"wp","href":"https:\/\/api.w.org\/{rel}","templated":true}]}}