{"id":4298,"date":"2013-04-11T00:01:31","date_gmt":"2013-04-11T00:01:31","guid":{"rendered":"http:\/\/www.televisionalternativa.es\/000\/?p=4298"},"modified":"2014-03-29T14:18:11","modified_gmt":"2014-03-29T14:18:11","slug":"xi-salon-del-manga-de-valencia-11-y-12-de-mayo-de-2013-feria-valencia","status":"publish","type":"post","link":"https:\/\/www.televisionalternativa.es\/000\/?p=4298","title":{"rendered":"XI Sal\u00f3n del Manga de Valencia &#8211; 11 y 12 de Mayo de 2013 &#8211; Feria Valencia"},"content":{"rendered":"<p><script type=\"text\/javascript\"><!--\ngoogle_ad_client = \"ca-pub-9550527709244125\";\n\/* 468x60, creado 4\/11\/08 *\/\ngoogle_ad_slot = \"1483193768\";\ngoogle_ad_width = 468;\ngoogle_ad_height = 60;\n\/\/-->\n<\/script><\/p>\n<p><script type=\"text\/javascript\"\nsrc=\"http:\/\/pagead2.googlesyndication.com\/pagead\/show_ads.js\">\n<\/script> <\/p>\n<p>&nbsp;<\/p>\n<div><img decoding=\"async\" src=\"http:\/\/jointoe.com\/doc\/smv11\/cartel\/3cartel-smv-11-2013a-600.jpg\" alt=\"http:\/\/jointoe.com\/doc\/smv11\/cartel\/3cartel-smv-11-2013a-600.jpg\" \/><\/div>\n<p>Un nuevo Sal\u00f3n del Manga de Valencia se acerca, esta vez con la posibilidad de participar representando a Espa\u00f1a en Eurocosplay.<\/p>\n<p>Eurocosplay es un concurso internacional de cosplay (disfraces) que se celebra en Londres reuniendo a concursantes de todo Europa. En esta edici\u00f3n en Valencia se elegir\u00e1 a un representante que viajara para defender a Espa\u00f1a e intentar imponerse ante el resto del continente.<\/p>\n<p><img decoding=\"async\" src=\"http:\/\/jointoe.com\/doc\/smv11\/imagenes\/eurocosplay.jpg\" alt=\"http:\/\/jointoe.com\/doc\/smv11\/imagenes\/eurocosplay.jpg\" \/><\/p>\n<p>Todo esto tendr\u00e1 lugar los d\u00edas 11 y 12 de mayo de 2013 en Feria Valencia.<\/p>\n<p>Adem\u00e1s estar\u00e1 acompa\u00f1ado de otras muchas actividades como talleres, charlas, concursos de videojuegos, stands comerciales, stands no comerciales y por supuesto el Concurso de Dance.<\/p>\n<div><img decoding=\"async\" src=\"http:\/\/jointoe.com\/doc\/smv11\/imagenes\/dance.jpg\" alt=\"http:\/\/jointoe.com\/doc\/smv11\/imagenes\/dance.jpg\" \/><\/div>\n<p>Apartado especial merecen las actividades que Asian Club organiza relacionadas con la m\u00fasica asi\u00e1tica, tanto Jap\u00f3n como Corea teniendo lugar en una zona habilitada exclusivamente para ello.<\/p>\n<p>&nbsp;<\/p>\n<h3>Ley Yamaguy &#8211; Invitado al XI Sal\u00f3n del manga de Valencia de 2013 &#8211; 11 y 12 de Mayo de 2013 &#8211; Feria Valencia<\/h3>\n<p>Ley Yamaguy es el cosplayer invitado al XI Sal\u00f3n del manga de Valencia de 2013 que se celebra en Feria Valencia los dias 11 y 12 de Mayo de 2013<\/p>\n<div><img loading=\"lazy\" decoding=\"async\" src=\"http:\/\/jointoe.com\/doc\/smv11\/imagenes\/l2.jpg\" alt=\"http:\/\/jointoe.com\/doc\/smv11\/imagenes\/l2.jpg\" width=\"640\" height=\"425\" \/><\/div>\n<p>Ley Yamaguy es un afamado cosplayer portug\u00e9s que ha sido reprensentante de Portugal en el Eurocosplay el a\u00f1o 2010 y en el ECG los a\u00f1os 2010 y 2012, as\u00ed como el ganador del Eurocosplay 2010 y ECG de Par\u00eds 2010<\/p>\n<p><strong>Sal\u00f3n del Manga de Valencia<\/strong><br \/>\nLugar: Feria Valencia<br \/>\nFecha: 11 y 12 de mayo de 2013<\/p>\n","protected":false},"excerpt":{"rendered":"&nbsp; Un nuevo Sal\u00f3n del Manga de Valencia se acerca, esta vez con la posibilidad de participar representando a Espa\u00f1a en Eurocosplay. Eurocosplay \n<a class=\"moretag\" href=\"https:\/\/www.televisionalternativa.es\/000\/?p=4298\"> [...]<\/a>","protected":false},"author":14,"featured_media":4299,"comment_status":"closed","ping_status":"closed","sticky":false,"template":"","format":"standard","meta":{"footnotes":""},"categories":[3,616],"tags":[403,1168,404,732,402,111,488,731,409],"class_list":["post-4298","post","type-post","status-publish","format-standard","has-post-thumbnail","hentry","category-blog","category-ocio","tag-cosplay","tag-cultura","tag-japon","tag-korea","tag-manga","tag-musica-2","tag-otaku","tag-salon","tag-valencia"],"_links":{"self":[{"href":"https:\/\/www.televisionalternativa.es\/000\/index.php?rest_route=\/wp\/v2\/posts\/4298","targetHints":{"allow":["GET"]}}],"collection":[{"href":"https:\/\/www.televisionalternativa.es\/000\/index.php?rest_route=\/wp\/v2\/posts"}],"about":[{"href":"https:\/\/www.televisionalternativa.es\/000\/index.php?rest_route=\/wp\/v2\/types\/post"}],"author":[{"embeddable":true,"href":"https:\/\/www.televisionalternativa.es\/000\/index.php?rest_route=\/wp\/v2\/users\/14"}],"replies":[{"embeddable":true,"href":"https:\/\/www.televisionalternativa.es\/000\/index.php?rest_route=%2Fwp%2Fv2%2Fcomments&post=4298"}],"version-history":[{"count":9,"href":"https:\/\/www.televisionalternativa.es\/000\/index.php?rest_route=\/wp\/v2\/posts\/4298\/revisions"}],"predecessor-version":[{"id":5478,"href":"https:\/\/www.televisionalternativa.es\/000\/index.php?rest_route=\/wp\/v2\/posts\/4298\/revisions\/5478"}],"wp:featuredmedia":[{"embeddable":true,"href":"https:\/\/www.televisionalternativa.es\/000\/index.php?rest_route=\/wp\/v2\/media\/4299"}],"wp:attachment":[{"href":"https:\/\/www.televisionalternativa.es\/000\/index.php?rest_route=%2Fwp%2Fv2%2Fmedia&parent=4298"}],"wp:term":[{"taxonomy":"category","embeddable":true,"href":"https:\/\/www.televisionalternativa.es\/000\/index.php?rest_route=%2Fwp%2Fv2%2Fcategories&post=4298"},{"taxonomy":"post_tag","embeddable":true,"href":"https:\/\/www.televisionalternativa.es\/000\/index.php?rest_route=%2Fwp%2Fv2%2Ftags&post=4298"}],"curies":[{"name":"wp","href":"https:\/\/api.w.org\/{rel}","templated":true}]}}