{"id":4272,"date":"2013-03-08T14:29:56","date_gmt":"2013-03-08T14:29:56","guid":{"rendered":"http:\/\/www.televisionalternativa.es\/000\/?p=4272"},"modified":"2014-03-29T14:18:11","modified_gmt":"2014-03-29T14:18:11","slug":"vi-japan-weekend-barcelona-2-0-9-y-10-de-marzo-de-2013-la-farga-de-lhospitalet","status":"publish","type":"post","link":"https:\/\/www.televisionalternativa.es\/000\/?p=4272","title":{"rendered":"VI JAPAN WEEKEND BARCELONA 2.0 &#8211; 9 y 10 de marzo de 2013 &#8211; La Farga de L&#8217;Hospitalet"},"content":{"rendered":"<p><script type=\"text\/javascript\"><!--\ngoogle_ad_client = \"ca-pub-9550527709244125\";\n\/* 468x60, creado 4\/11\/08 *\/\ngoogle_ad_slot = \"1483193768\";\ngoogle_ad_width = 468;\ngoogle_ad_height = 60;\n\/\/-->\n<\/script><\/p>\n<p><script type=\"text\/javascript\"\nsrc=\"http:\/\/pagead2.googlesyndication.com\/pagead\/show_ads.js\">\n<\/script> <\/p>\n<p align=\"justify\">Un a\u00f1o m\u00e1s, Japan Weekend Barcelona regresa a La Farga De L\u00b4Hospitalet.<\/p>\n<p align=\"justify\">Los pr\u00f3ximos d\u00edas 9 y 10 de marzo de 2013 se celebrar\u00e1 VI Japan Weekend Barcelona 2.0, evento dedicado al manga, anime, y cultura asi\u00e1tica en general.<\/p>\n<p><img decoding=\"async\" src=\"http:\/\/jointoe.com\/doc\/jwb2013a\/cartel\/cartel-jwb-2013a-1.0-600.jpg\" alt=\"http:\/\/jointoe.com\/doc\/jwb2013a\/cartel\/cartel-jwb-2013a-1.0-600.jpg\" \/><\/p>\n<p align=\"justify\">A lo largo de m\u00e1s de 6000 m2 el evento contar\u00e1 con gran variedad de actividades que har\u00e1n las delicias de todo el p\u00fablico, desde el escenario principal, con un expectacular desfile de moda, concursos de Cosplay, Karaoke y diversos conciertos, pasando por el Korean Emotion, por primera vez en Barcelona y dedicado a todo lo relacionado con Corea, as\u00ed como con una gran zona de actividades, charlas, talleres.<\/p>\n<p><img loading=\"lazy\" decoding=\"async\" src=\"http:\/\/jointoe.com\/doc\/jwb2013a\/imagenes\/IMG-20130228-WA0014.jpg\" alt=\"http:\/\/jointoe.com\/doc\/jwb2013a\/imagenes\/IMG-20130228-WA0014.jpg\" width=\"683\" height=\"454\" \/><\/p>\n<p align=\"justify\">En la zona de proyecciones se proyectar\u00e1n en primicia <em>Higashi no Eden: Air Communication<\/em>, <em>Higashi no Eden: Gekijouban I The King of Eden<\/em> y la versi\u00f3n doblada al castellano de <em>Strait Jacket<\/em> con la participaci\u00f3n de todos sus dobladores en una mesa redonda, tambi\u00e9n se mostrara el anime de Zetman doblado al castellano en exclusiva.<\/p>\n<p><img decoding=\"async\" src=\"http:\/\/jointoe.com\/doc\/jwb2013a\/imagenes\/higashi%20king%20eden.jpg\" alt=\"http:\/\/jointoe.com\/doc\/jwb2013a\/imagenes\/higashi%20king%20eden.jpg\" \/><\/p>\n<p align=\"justify\">Por primera vez en Espa\u00f1a habr\u00e1 una amplia zona de consolas arcade para el que todo el que desee pueda disfrutar de las recreativas de siempre, zona de videojuegos, parapara&#8230;<\/p>\n<p align=\"justify\">Sin olvidarnos de las exhibiciones de artes marciales, que tendr\u00e1n lugar tanto s\u00e1bado como domingo.<\/p>\n<p align=\"justify\">En la zona de conferencias, entre otras, se celebrar\u00e1 la presentaci\u00f3n del doblaje en espa\u00f1ol del anime Strait Jacket, contando para la misma con sus dobladores, quienes nos contar\u00e1n sus experiencias y participar\u00e1n activamente en la segunda edici\u00f3n del concurso de doblaje.<\/p>\n<p align=\"justify\">Tambi\u00e9n contaremos con un circuito de drift donde se celebrar\u00e1n carreras durante todo el fin de semana y un ring con exhibiciones de lucha libre a cargo de WSA Wrestling.<\/p>\n<p><img loading=\"lazy\" decoding=\"async\" src=\"http:\/\/jointoe.com\/doc\/jwb2013a\/imagenes\/swa%201.jpg\" alt=\"http:\/\/jointoe.com\/doc\/jwb2013a\/imagenes\/swa%201.jpg\" width=\"486\" height=\"603\" \/><\/p>\n<p>Todo esto y mucho m\u00e1s los d\u00edas 9 y 10 de marzo, de 10 a 21 horas el s\u00e1bado y de 10 a 20 horas el domingo en La Farga de L\u00b4Hospitalet.<\/p>\n","protected":false},"excerpt":{"rendered":"Un a\u00f1o m\u00e1s, Japan Weekend Barcelona regresa a La Farga De L\u00b4Hospitalet. Los pr\u00f3ximos d\u00edas 9 y 10 de marzo de 2013 se \n<a class=\"moretag\" href=\"https:\/\/www.televisionalternativa.es\/000\/?p=4272\"> [...]<\/a>","protected":false},"author":14,"featured_media":4273,"comment_status":"closed","ping_status":"closed","sticky":false,"template":"","format":"standard","meta":{"footnotes":""},"categories":[3,616],"tags":[326,497,402,617,498],"class_list":["post-4272","post","type-post","status-publish","format-standard","has-post-thumbnail","hentry","category-blog","category-ocio","tag-alternativa","tag-japan","tag-manga","tag-ocio-2","tag-weekend"],"_links":{"self":[{"href":"https:\/\/www.televisionalternativa.es\/000\/index.php?rest_route=\/wp\/v2\/posts\/4272","targetHints":{"allow":["GET"]}}],"collection":[{"href":"https:\/\/www.televisionalternativa.es\/000\/index.php?rest_route=\/wp\/v2\/posts"}],"about":[{"href":"https:\/\/www.televisionalternativa.es\/000\/index.php?rest_route=\/wp\/v2\/types\/post"}],"author":[{"embeddable":true,"href":"https:\/\/www.televisionalternativa.es\/000\/index.php?rest_route=\/wp\/v2\/users\/14"}],"replies":[{"embeddable":true,"href":"https:\/\/www.televisionalternativa.es\/000\/index.php?rest_route=%2Fwp%2Fv2%2Fcomments&post=4272"}],"version-history":[{"count":6,"href":"https:\/\/www.televisionalternativa.es\/000\/index.php?rest_route=\/wp\/v2\/posts\/4272\/revisions"}],"predecessor-version":[{"id":5480,"href":"https:\/\/www.televisionalternativa.es\/000\/index.php?rest_route=\/wp\/v2\/posts\/4272\/revisions\/5480"}],"wp:featuredmedia":[{"embeddable":true,"href":"https:\/\/www.televisionalternativa.es\/000\/index.php?rest_route=\/wp\/v2\/media\/4273"}],"wp:attachment":[{"href":"https:\/\/www.televisionalternativa.es\/000\/index.php?rest_route=%2Fwp%2Fv2%2Fmedia&parent=4272"}],"wp:term":[{"taxonomy":"category","embeddable":true,"href":"https:\/\/www.televisionalternativa.es\/000\/index.php?rest_route=%2Fwp%2Fv2%2Fcategories&post=4272"},{"taxonomy":"post_tag","embeddable":true,"href":"https:\/\/www.televisionalternativa.es\/000\/index.php?rest_route=%2Fwp%2Fv2%2Ftags&post=4272"}],"curies":[{"name":"wp","href":"https:\/\/api.w.org\/{rel}","templated":true}]}}