{"id":3962,"date":"2013-01-02T23:44:40","date_gmt":"2013-01-02T23:44:40","guid":{"rendered":"http:\/\/www.televisionalternativa.es\/000\/?p=3962"},"modified":"2014-03-29T14:18:18","modified_gmt":"2014-03-29T14:18:18","slug":"documental-tarde-de-transistores","status":"publish","type":"post","link":"https:\/\/www.televisionalternativa.es\/000\/?p=3962","title":{"rendered":"Documental \u00abTARDE DE TRANSISTORES\u00bb"},"content":{"rendered":"<p>\u00ab\u00a1Gol en Las Gaunas!\u00bb Muchos recordar\u00e1n, desde hace muchos a\u00f1os, ese sonido inconfundible que llegaba hasta nuestras casas desde los estadios de f\u00fatbol a trav\u00e9s de un transistor. Ese grito, y otros muchos, acompa\u00f1\u00f3 tarde tras tarde a\u00a0 millones de espa\u00f1oles durante los fines de semana. Sin embargo, algo comenz\u00f3 a cambiar y la temporada pasada se vio gravemente alterada para el oyente&#8230;y para el profesional de la informaci\u00f3n. Los clubes de f\u00fatbol pensaron que los derechos de explotaci\u00f3n de las emisoras implicaban el pago de una compensaci\u00f3n por acceder a sus\u00a0 instalaciones y hacer uso de las mismas, las radios se negaron a ello aludiendo al constitucional derecho a la informaci\u00f3n y laLiga 2011\/2012 comenz\u00f3 con una imagen ins\u00f3lita: los narradores haciendo su trabajo desde fuera del terreno de juego.<\/p>\n<p><script type=\"text\/javascript\"><!--\ngoogle_ad_client = \"ca-pub-9550527709244125\";\n\/* 468x60, creado 4\/11\/08 *\/\ngoogle_ad_slot = \"1483193768\";\ngoogle_ad_width = 468;\ngoogle_ad_height = 60;\n\/\/-->\n<\/script><br \/>\n<script type=\"text\/javascript\"\nsrc=\"http:\/\/pagead2.googlesyndication.com\/pagead\/show_ads.js\">\n<\/script><\/p>\n<p>&#8216;Tarde de transistores&#8217; es un documental que se acerca al conflicto surgido entre los clubes de f\u00fatbol y la emisoras de radio, que han vivido una temporada at\u00edpica. \u00bfPor qu\u00e9 la Liga de F\u00fatbol Profesional exige el pago de esta indemnizaci\u00f3n\u00a0 ahora y no antes? \u00bfQui\u00e9n est\u00e1 detr\u00e1s de esta estrategia y por qu\u00e9? \u00bfTienen derecho las radios a negarse o, por el contrario, est\u00e1n obligadas a compensar de alguna manera el beneficio econ\u00f3mico que el f\u00fatbol les reporta? \u00bfC\u00f3mo se defienden los derechos del oyente? \u00bfQu\u00e9 dicen los poderes p\u00fablicos de todo esto? En &#8216;Tarde de transistores&#8217; se busca dar voz a todos los actores implicados la pol\u00e9mica y que tienenalgo que decir, ofreci\u00e9ndo todos los puntos de vista pero sin abandonar una posici\u00f3n de neutralidad.<\/p>\n<\/p>\n<p><strong>Un documental que recoge la opini\u00f3n de todas las partes del conflicto.<\/strong><br \/>\n&#8216;Tarde de transistores&#8217;, dirigido por Jos\u00e9 Javier Arce Cid y con gui\u00f3n del periodista Roberto Marb\u00e1n, recoge la voz de todos los que tienen algo que decir en este asunto. El proyecto comenz\u00f3 oficialmente el pasado mes de mayo, visitando a Javier Ares a Onda Cero para vivir desde su &#8216;Radioestadio&#8217; el d\u00eda que el Real Madrid dej\u00f3 sentenciada la Liga 2011\/2012 en el Camp Nou. A continuaci\u00f3n, los integrantes de &#8216;Tarde de transistores&#8217; vivieron desde los estudios de la ahora tristemente extinta ABC Punto Radio el alir\u00f3n que cantaron los blancos en San Mam\u00e9s junto a Jos\u00e9 Antonio Abell\u00e1n. Despu\u00e9s fue el turno de conocer la opini\u00f3n de Chema Abad (RNE) mientras que Paco Gonz\u00e1lez y todo el equipo de &#8216;Tiempo de Juego&#8217; en COPE los recibieron justo despu\u00e9s de la primera jornada de la presente Liga, aprovechando la vuelta de las emisoras a los campos tras una resoluci\u00f3n del nuevo Ejecutivo de Mariano Rajoy. Por ello tambi\u00e9n se quiso conocer\u00a0 cuales eran las sensaciones de un narrador, en este caso Rub\u00e9n Mart\u00edn, tambi\u00e9n de COPE, en su vuelta a su &#8216;habitat natural&#8217;.<\/p>\n<p>Entre medias, el vicepresidente de la Liga de F\u00fatbol Profesional y abogado Javier Tebas no tuvo reparo en dar la cara y explicar el punto de vista de la LFP, que pretende continuar con el contencioso en los juzgados al recurrir la medida cautelar de la vuelta de las radios a los estadios, aunque sin pagar el canon inicial que les reclamaban. Opiniones, datos, explicaciones, an\u00e9cdotas de lo m\u00e1s granado de la radio deportiva de fin de semana convierten a &#8216;Tarde de transistores&#8217; en un documental imprescindible para entender dicho conflicto.<br \/>\n<br \/>\n<strong>SINOPSIS CORTA<\/strong><\/p>\n<p>&#8216;Tarde de transistores&#8217; es un documental que se acerca al conflicto surgido entre los clubes de f\u00fatbol y la emisoras de radio, que han vivido una temporada at\u00edpica. \u00bfPor qu\u00e9 la Liga de F\u00fatbol Profesional exige el pago de esta indemnizaci\u00f3n ahora y no antes? \u00bfQui\u00e9n est\u00e1 detr\u00e1s de esta estrategia y por qu\u00e9? \u00bfTienen derecho las radios a negarse o, por el contrario, est\u00e1n obligadas a compensar de alguna manera el beneficio econ\u00f3mico que el f\u00fatbol les reporta? \u00bfC\u00f3mo se defienden los derechos del oyente? \u00bfQu\u00e9 dicen los poderes p\u00fablicos de todo esto? En &#8216;Tarde de transistores&#8217; se busca dar voz a todos los actores implicados la pol\u00e9mica y que tienen algo que decir, ofreci\u00e9ndo todos los puntos de vista pero sin abandonar una posici\u00f3n de neutralidad.<\/p>\n<p><strong>DIRECTORy PRODUCTOR<\/strong><\/p>\n<p><em>Jos\u00e9 Javier Arce Cid<\/em><\/p>\n<p>Es titulado en Producci\u00f3n de Audiovisuales, Radio y Espect\u00e1culos, en el a\u00f1o 2001, ese mismo a\u00f1o realiza las funciones de Productor Ejecutivo en el cortometraje \u201cRevoluci\u00f3n\u201dcon m\u00e1s de 50 premios a nivel nacional e internacional.<\/p>\n<p>Despu\u00e9s de este cortometraje se dedico a producir y dirigir varios programas para televisiones locales, entre ellos destacamos \u201cMundo Zion\u201d dedicado al mundo del videojuego y \u201c8 Mil\u00edmetros\u201d, dedicado al mundo del corto.<\/p>\n<p>En los \u00faltimos a\u00f1os se ha dedicado a realizar el programa de cine \u201c35HD\u201d para televisionalternativa.com y durante dos temporadas se emiti\u00f3 en Onda 6 TVy la red de televisiones locales de Vocento.Siendo ahora mismo colaborador en diferentes webs de cine, como son Cinemastric.com, Fusion-freak.com,antesmuertoqueserunzombi.es<\/p>\n<p>En el a\u00f1o 2010\/11 produjo el largo documental \u201cMom I\u00b4m a zombie\u201d. Tambi\u00e9n este a\u00f1o a publicado un relato de terror en la antolog\u00eda \u201c200 Baldosas al infierno\u201d,de la Asociaci\u00f3n de Escritores Madrile\u00f1os de Terror.<\/p>\n<p><strong>GUIONISTA<\/strong><\/p>\n<p><em>Roberto Marb\u00e1n Bermejo<\/em><\/p>\n<p>Madrid (1983). Licenciado en Periodismo por la Universidad Complutense de Madrid. Apasionado del deporte y la radio. Aterriz\u00f3 en su primera redacci\u00f3n gracias a una beca de verano en el equipo de deportes de Punto Radioen el verano de 2006, donde tuvo la oportunidad, entre otras cosas, de conocer de primera mano las convulsas elecciones a la Presidencia del Real Madrid mientras se iba fogueando en este mundo.<\/p>\n<p>Posteriormente fue contratado para la temporada 2006\/2007 como redactor y productor en los programas de deportes de esta misma casa, con el periodista Josep Pedrerol al frente. Tras esta primera experiencia radiof\u00f3nica cambi\u00f3 totalmente de tercio -y nunca mejor dicho-para hacer periodismo taurino en Mundotoro.com.<\/p>\n<p>Su llegada al mundo online no le impidi\u00f3 alejarse totalmente de la radio, ya que en la temporada 2009\/2010 fue el director y presentador del programa &#8216;El Albero&#8217;de la Cadena COPE en Segovia.<\/p>\n<p>En abril de 2010 fich\u00f3 por Periodista Digital, cuyo director es el periodista Alfonso Rojo, donde actualmente es responsable de deportes y especialista en medios de comunicaci\u00f3n.<\/p>\n<p><strong>FICHA ARTISTICA<\/strong><\/p>\n<p><em>JAVIER ARES<\/em><\/p>\n<p>Valladolid (1954). Con permiso de alg\u00fan que otro grande, Javier Ares es la voz del ciclismo. Pocos periodistas habr\u00e1 en Espa\u00f1a tan apasionados como \u00e9l por el deporte de las dos ruedas.<\/p>\n<p>Se dio a conocer en Antena 3 Radio, de la mano de Jos\u00e9 Mar\u00eda Garc\u00eda. Desde el a\u00f1o 2002 es el conductor de \u2018Radioestadio&#8217;en Onda Cero, la cadena que lo fich\u00f3 en el a\u00f1o 202, el cual presenta junto a Javier Ruiz Taboada.<\/p>\n<p><em>JOS\u00c9 ANTONIO ABELL\u00c1N<\/em><\/p>\n<p>Madrid (1960). Aunque madrile\u00f1o de nacimiento, a \u00e9l siempre le gusta decir que es del pueblo abulense de El Tiemblo. A Jos\u00e9 Antonio Abell\u00e1n el conflicto que trata el documental &#8216;Tarde de Transistores&#8217; le cogi\u00f3 reci\u00e9n llegado a su actual emisora, ABC Punto Radio, donde presenta &#8216;Abell\u00e1n en punto&#8217;.<\/p>\n<p>Desde sus inicios se hizo un nombre en el mundo radiof\u00f3nico como periodista musical (donde quiz\u00e1s &#8216;La Jungla&#8217; fue su proyecto m\u00e1s reconocido), hasta que la Cadena COPEle encarg\u00f3 dirigir su secci\u00f3n de deportes y de presentar el programa nocturno &#8216;El Tirachinas&#8217;.<\/p>\n<p>Abandon\u00f3 la emisora episcopal en 2010 para fichar posteriormente por la del grupo Vocento<\/p>\n<p><em>PACO GONZ\u00c1LEZ<\/em><\/p>\n<p>Madrid (1966). Con tan solo 25 a\u00f1os fue nombrado director de &#8216;Carrusel Deportivo&#8217;en la Cadena SER, en donde permaneci\u00f3 hasta el a\u00f1o 2010 siendo l\u00edder absoluto de los fines de semana.<\/p>\n<p>A pesar de lo traum\u00e1tico de su salida de la emisora de Prisa, su idilio con la buena suerte le dio la oportunidad de ser el narrador del eterno gol de Iniesta que permiti\u00f3 a Espa\u00f1a alzarse con su primer Mundial, el de Sud\u00e1frica, que cubri\u00f3 para Telecinco. Antes de ese partido el diario Periodista Digital anunci\u00f3 la bomba medi\u00e1tica del verano, su fichaje por la Cadena COPE.<\/p>\n<p>Su marcha demostr\u00f3 dos cosas: su tir\u00f3n medi\u00e1tico, que ya se daba por supuesto, y la cantidad de amigos que deb\u00eda de tener en la SER,pues un numeroso grupo de personas no dud\u00f3 en acompa\u00f1arle en su nuevo destino. Actualmente presenta y dirige &#8216;Tiempo de Juego&#8217;.<\/p>\n<p><em>CHEMA ABAD<\/em><\/p>\n<p>La vinculaci\u00f3n de Chema Abadcon Radio Nacional de Espa\u00f1a comenz\u00f3 en el a\u00f1o 1989, tras la integraci\u00f3n de Radio Cadena Espa\u00f1ola en el Ente P\u00fablico. All\u00ed ha cubierto los JOO de Barcelona, varios Mundiales de F\u00fatbol y unas cuantas\u00a0 Eurocopas, hasta que fue nombrado director de deportes de RNEen 2008. Actualmente presenta y dirige &#8216;Tablero Deportivo&#8217;.<\/p>\n<p><em>JAVIER TEBAS<\/em><\/p>\n<p>Costa Rica (1962). De profesi\u00f3n abogado. De \u00e9l se ha dicho casi de todo. Odiado por unos y aclamado por otros, todos coinciden que es el m\u00e1s poderoso del f\u00fatbol espa\u00f1ol.<\/p>\n<p>Ejerce de vicepresidente de la LFP (Liga de F\u00fatbol Profesional) en representaci\u00f3n de los clubes de Segunda Divisi\u00f3n, pero los locutores de los programas deportivos m\u00e1s importantes declaran que pinta mucho m\u00e1s que el presidente Astiazar\u00e1n.<\/p>\n<p>Tambi\u00e9n ha sido asesor de clubes en proceso concursal y ha mediado en multitud de conflictos.<\/p>\n<p><em>RUB\u00c9N MART\u00cdN<\/em><\/p>\n<p>Madrid (1982). Tras ser narrador y redactor en la SER, fich\u00f3 junto a Paco Gonz\u00e1lezpor la COPE en el verano de 2010, donde suele narrar los partidos que juega el Atl\u00e9tico de Madrid en casa.<\/p>\n<p>Por otra parte, tambi\u00e9n es presentador de la secci\u00f3n de deportes del informativo mediod\u00eda de Castilla La Mancha Televisi\u00f3n.<\/p>\n<p><em><strong>EQUIPO T\u00c9CNICO<\/strong><\/em><\/p>\n<p>Imagen \u00a0\u00a0 \u00a0 \u00a0 \u00a0 \u00a0 \u00a0 \u00a0 \u00a0 \u00a0 \u00a0 \u00a0 \u00a0 \u00a0 <em>Julio Alberto Paniagua<\/em><br \/>\nMontaje \u00a0 \u00a0\u00a0\u00a0\u00a0\u00a0\u00a0\u00a0\u00a0\u00a0\u00a0\u00a0\u00a0\u00a0\u00a0\u00a0\u00a0\u00a0\u00a0\u00a0\u00a0\u00a0\u00a0\u00a0 Cristina Marchamalo<br \/>\nGrafismo\u00a0\u00a0\u00a0 <em>\u00a0\u00a0\u00a0\u00a0\u00a0\u00a0\u00a0\u00a0\u00a0\u00a0\u00a0\u00a0\u00a0\u00a0\u00a0\u00a0\u00a0\u00a0\u00a0\u00a0\u00a0 Diego N\u00fa\u00f1ez<\/em><br \/>\nProduccion Ejecutiva\u00a0\u00a0\u00a0        <em>Jos\u00e9 Javier Arce<\/em><br \/>\nM\u00fasica\u00a0\u00a0\u00a0\u00a0\u00a0\u00a0\u00a0\u00a0\u00a0\u00a0\u00a0\u00a0\u00a0\u00a0\u00a0\u00a0\u00a0\u00a0\u00a0\u00a0\u00a0\u00a0\u00a0\u00a0\u00a0<em>\u00a0\u00a0\u00a0 Juanma S\u00e1nchez Perojil<\/em><\/p>\n<\/p>\n<p><strong>Es una producci\u00f3n de\u00a0 Jos\u00e9 Javier Arcey Televisi\u00f3n Alternativa<\/strong><br \/>\nPara petici\u00f3n de materiales, trailers, entrevistas, audios, ponerse en contacto con:<\/p>\n<p>Prensa en General:<br \/>\nJose Javier Arce Cid<br \/>\njjarcecid@lcjcomunicacion.es<\/p>\n<p>Prensa Deportiva:<br \/>\nRoberto Marb\u00e1n Bermejo<br \/>\nroberto.marban83@gmail.com<\/p>\n","protected":false},"excerpt":{"rendered":"\u00ab\u00a1Gol en Las Gaunas!\u00bb Muchos recordar\u00e1n, desde hace muchos a\u00f1os, ese sonido inconfundible que llegaba hasta nuestras casas desde los estadios de f\u00fatbol \n<a class=\"moretag\" href=\"https:\/\/www.televisionalternativa.es\/000\/?p=3962\"> [...]<\/a>","protected":false},"author":14,"featured_media":3964,"comment_status":"closed","ping_status":"closed","sticky":false,"template":"","format":"standard","meta":{"footnotes":""},"categories":[3,77],"tags":[326,364,676,674,327,675],"class_list":["post-3962","post","type-post","status-publish","format-standard","has-post-thumbnail","hentry","category-blog","category-documentales","tag-alternativa","tag-futbol","tag-radios","tag-tarde","tag-television-2","tag-transistores"],"_links":{"self":[{"href":"https:\/\/www.televisionalternativa.es\/000\/index.php?rest_route=\/wp\/v2\/posts\/3962","targetHints":{"allow":["GET"]}}],"collection":[{"href":"https:\/\/www.televisionalternativa.es\/000\/index.php?rest_route=\/wp\/v2\/posts"}],"about":[{"href":"https:\/\/www.televisionalternativa.es\/000\/index.php?rest_route=\/wp\/v2\/types\/post"}],"author":[{"embeddable":true,"href":"https:\/\/www.televisionalternativa.es\/000\/index.php?rest_route=\/wp\/v2\/users\/14"}],"replies":[{"embeddable":true,"href":"https:\/\/www.televisionalternativa.es\/000\/index.php?rest_route=%2Fwp%2Fv2%2Fcomments&post=3962"}],"version-history":[{"count":14,"href":"https:\/\/www.televisionalternativa.es\/000\/index.php?rest_route=\/wp\/v2\/posts\/3962\/revisions"}],"predecessor-version":[{"id":3967,"href":"https:\/\/www.televisionalternativa.es\/000\/index.php?rest_route=\/wp\/v2\/posts\/3962\/revisions\/3967"}],"wp:featuredmedia":[{"embeddable":true,"href":"https:\/\/www.televisionalternativa.es\/000\/index.php?rest_route=\/wp\/v2\/media\/3964"}],"wp:attachment":[{"href":"https:\/\/www.televisionalternativa.es\/000\/index.php?rest_route=%2Fwp%2Fv2%2Fmedia&parent=3962"}],"wp:term":[{"taxonomy":"category","embeddable":true,"href":"https:\/\/www.televisionalternativa.es\/000\/index.php?rest_route=%2Fwp%2Fv2%2Fcategories&post=3962"},{"taxonomy":"post_tag","embeddable":true,"href":"https:\/\/www.televisionalternativa.es\/000\/index.php?rest_route=%2Fwp%2Fv2%2Ftags&post=3962"}],"curies":[{"name":"wp","href":"https:\/\/api.w.org\/{rel}","templated":true}]}}