{"id":3877,"date":"2012-12-15T00:13:39","date_gmt":"2012-12-15T00:13:39","guid":{"rendered":"http:\/\/www.televisionalternativa.es\/000\/?p=3877"},"modified":"2014-03-29T14:18:20","modified_gmt":"2014-03-29T14:18:20","slug":"el-cosplay-es-la-estrella-en-el-chibi-japan-weekend-madrid-2013","status":"publish","type":"post","link":"https:\/\/www.televisionalternativa.es\/000\/?p=3877","title":{"rendered":"El cosplay es la estrella en el Chibi Japan Weekend Madrid 2013"},"content":{"rendered":"<p>El mundo del cosplay siempre ha sido uno de los ejes centrales en el Japan Weekend, pero en este evento queremos rendirle homenaje. No solo con actividades y nuevos concursos, sino con invitados internacionales que se exhibiran los dias 9 y 10 de febrero de 2013 en Madrid.<\/p>\n<p><script type=\"text\/javascript\">\/\/ <![CDATA[\n google_ad_client = \"ca-pub-9550527709244125\"; \/* 468x60, creado 4\/11\/08 *\/ google_ad_slot = \"1483193768\"; google_ad_width = 468; google_ad_height = 60;\n\/\/ ]]><\/script><br \/>\n<script type=\"text\/javascript\" src=\"http:\/\/pagead2.googlesyndication.com\/pagead\/show_ads.js\">\/\/ <![CDATA[\n\n\/\/ ]]><\/script><\/p>\n<p>Evento: Chibi Japan Weekend Madrid 2013 \u00abEspecial Cosplay\u00bb<br \/>\nLugar: Recinto Ferial de la Casa de Campo<br \/>\nD\u00edas: 9 y 10 de febrero de 2013<\/p>\n<div>\n<div>\n<div>\n<div><img loading=\"lazy\" decoding=\"async\" src=\"http:\/\/jointoe.com\/doc\/jwm2013a\/imagenes\/cosplay1.jpg\" alt=\"http:\/\/jointoe.com\/doc\/jwm2013a\/imagenes\/cosplay1.jpg\" width=\"640\" height=\"504\" \/><\/div>\n<h2><strong>Elffi<\/strong><\/h2>\n<p>Cosplayer de 24 a\u00f1os originario de Finlandia<\/p>\n<p>Elffi fue representante de Finlandia en el WCS de 2011<\/p><\/div>\n<\/div>\n<\/div>\n<div>\n<div><\/div>\n<div>\n<div>\n<img decoding=\"async\" src=\"https:\/\/twimg0-a.akamaihd.net\/profile_images\/1675958858\/260105_212642878779047_212638442112824_626333_4031055_n_bigger.jpg\" alt=\"Janne Rusanen\" \/> <a href=\"http:\/\/www.twitter.com\/ElffiCosplay\">http:\/\/www.twitter.com\/ElffiCosplay<\/a><\/p>\n<div><img loading=\"lazy\" decoding=\"async\" src=\"http:\/\/jointoe.com\/doc\/jwm2013a\/imagenes\/cosplay%20elffi.jpeg\" alt=\"http:\/\/jointoe.com\/doc\/jwm2013a\/imagenes\/cosplay%20elffi.jpeg\" width=\"392\" height=\"640\" \/><\/div>\n<h2>Calssara<\/h2>\n<p>Calssara es una afamada cosplayer alemana que ha sido reprensentante de Alemania en el WCS los a\u00f1os 2009 y 2011, as\u00ed como la ganadora individual del ECG de Par\u00eds 2012<\/p>\n<p><img decoding=\"async\" src=\"https:\/\/twimg0-a.akamaihd.net\/profile_images\/2456305573\/y1b7gz0qfx3c29r8hb6i_bigger.jpeg\" alt=\"Calssara\" \/> <a href=\"http:\/\/www.twitter.com\/calssara\">http:\/\/www.twitter.com\/calssara<\/a><\/p>\n<div><img loading=\"lazy\" decoding=\"async\" src=\"http:\/\/jointoe.com\/doc\/jwm2013a\/imagenes\/calssara.jpeg\" alt=\"http:\/\/jointoe.com\/doc\/jwm2013a\/imagenes\/calssara.jpeg\" width=\"417\" height=\"640\" \/><\/div>\n<\/div>\n<\/div>\n<\/div>\n<p>&nbsp;<\/p>\n<p>Web: www.japanweekend.net\/madrid<\/p>\n<p><a href=\"https:\/\/www.televisionalternativa.es\/000\/?cat=616\" title=\"Television Alternativa Ocio\">Television Alternativa Ocio<\/a><\/p>\n","protected":false},"excerpt":{"rendered":"El mundo del cosplay siempre ha sido uno de los ejes centrales en el Japan Weekend, pero en este evento queremos rendirle homenaje. \n<a class=\"moretag\" href=\"https:\/\/www.televisionalternativa.es\/000\/?p=3877\"> [...]<\/a>","protected":false},"author":14,"featured_media":3878,"comment_status":"closed","ping_status":"closed","sticky":false,"template":"","format":"standard","meta":{"footnotes":""},"categories":[3,17,257,616],"tags":[114,403,497,404,402,498],"class_list":["post-3877","post","type-post","status-publish","format-standard","has-post-thumbnail","hentry","category-blog","category-entretenimiento","category-eventos","category-ocio","tag-anime","tag-cosplay","tag-japan","tag-japon","tag-manga","tag-weekend"],"_links":{"self":[{"href":"https:\/\/www.televisionalternativa.es\/000\/index.php?rest_route=\/wp\/v2\/posts\/3877","targetHints":{"allow":["GET"]}}],"collection":[{"href":"https:\/\/www.televisionalternativa.es\/000\/index.php?rest_route=\/wp\/v2\/posts"}],"about":[{"href":"https:\/\/www.televisionalternativa.es\/000\/index.php?rest_route=\/wp\/v2\/types\/post"}],"author":[{"embeddable":true,"href":"https:\/\/www.televisionalternativa.es\/000\/index.php?rest_route=\/wp\/v2\/users\/14"}],"replies":[{"embeddable":true,"href":"https:\/\/www.televisionalternativa.es\/000\/index.php?rest_route=%2Fwp%2Fv2%2Fcomments&post=3877"}],"version-history":[{"count":6,"href":"https:\/\/www.televisionalternativa.es\/000\/index.php?rest_route=\/wp\/v2\/posts\/3877\/revisions"}],"predecessor-version":[{"id":5530,"href":"https:\/\/www.televisionalternativa.es\/000\/index.php?rest_route=\/wp\/v2\/posts\/3877\/revisions\/5530"}],"wp:featuredmedia":[{"embeddable":true,"href":"https:\/\/www.televisionalternativa.es\/000\/index.php?rest_route=\/wp\/v2\/media\/3878"}],"wp:attachment":[{"href":"https:\/\/www.televisionalternativa.es\/000\/index.php?rest_route=%2Fwp%2Fv2%2Fmedia&parent=3877"}],"wp:term":[{"taxonomy":"category","embeddable":true,"href":"https:\/\/www.televisionalternativa.es\/000\/index.php?rest_route=%2Fwp%2Fv2%2Fcategories&post=3877"},{"taxonomy":"post_tag","embeddable":true,"href":"https:\/\/www.televisionalternativa.es\/000\/index.php?rest_route=%2Fwp%2Fv2%2Ftags&post=3877"}],"curies":[{"name":"wp","href":"https:\/\/api.w.org\/{rel}","templated":true}]}}