{"id":3867,"date":"2012-12-10T05:58:08","date_gmt":"2012-12-10T05:58:08","guid":{"rendered":"http:\/\/www.televisionalternativa.es\/000\/?p=3867"},"modified":"2014-03-29T14:18:20","modified_gmt":"2014-03-29T14:18:20","slug":"jarabe-de-palo-en-concierto-el-14-de-diciembre-en-barcelona-y-el-15-de-diciembre-en-madrid","status":"publish","type":"post","link":"https:\/\/www.televisionalternativa.es\/000\/?p=3867","title":{"rendered":"Jarabe de Palo en concierto el 14 de Diciembre en Barcelona y el 15 de Diciembre en Madrid"},"content":{"rendered":"<p> Jarabe de palo regresa a los escenarios espa\u00f1oles para cerrar la gira 2012, concretamente a Barcelona y Madrid, los d\u00edas 14 y 15 de diciembre.<\/p>\n<p><script type=\"text\/javascript\"><!--\ngoogle_ad_client = \"ca-pub-9550527709244125\";\n\/* 468x60, creado 4\/11\/08 *\/\ngoogle_ad_slot = \"1483193768\";\ngoogle_ad_width = 468;\ngoogle_ad_height = 60;\n\/\/-->\n<\/script><br \/>\n<script type=\"text\/javascript\"\nsrc=\"http:\/\/pagead2.googlesyndication.com\/pagead\/show_ads.js\">\n<\/script><\/p>\n<p>Han sido mas de 70 conciertos, en Espa\u00f1a, Europa y Am\u00e9rica. NY, Roma, Mil\u00e1n, LA, Buenos Aires, Miami, Santiago de Chile, Bogot\u00e1, M\u00e9xico DF, N\u00faremberg, Niza, Lima, Hamburgo, Guatemala City, Managua, Phoenix, San Diego,&#8230;convierten a Jarabe en una de las bandas espa\u00f1olas m\u00e1s internacionales y que m\u00e1s han girado este a\u00f1o.<\/p>\n<p>Con 18 a\u00f1os de trayectoria, 8 discos publicados (m\u00e1s de 5 millones de copias vendidas) y 12 nominaciones a los Latin Grammy Awards y otros tantos galardones, Jarabedepalo se perfila como una de las bandas m\u00e1s reconocidas y consolidadas dentro del panorama del rock en espa\u00f1ol, todo ello sin haber perdido ni un \u00e1pice de su vocaci\u00f3n por la m\u00fasica bien hecha. Jarabedepalo funciona hace ya 5 a\u00f1os desde su Rep\u00fablica Independiente, la Tronco Records, en donde las canciones, las ideas y la creatividad siguen siendo lo principal. Destacan adem\u00e1s sus colaboraciones con artistas de la talla de Celia Cruz, Joaquin Sabina, Antonio Vega, Alejandro Sanz, Carlos Tarque (MClan), Alanis Morrissette, Chrissy Hynde (The Pretenders), Jovanotti, Pavarotti, Ketama, Antonio Orozco, Compay Segundo,&#8230;.<\/p>\n<p>Jarabedepalo cierra el a\u00f1o con 2 \u00fanicos conciertos en Espa\u00f1a (Barcelona y Madrid). En Madrid podremos disfrutar de \u00e9l unos d\u00edas antes de Navidad, el s\u00e1bado 15 de Diciembre de 2012 en la sala Pen\u00e9lope Madrid (c\/ Hilari\u00f3n Eslava 36). Sigue en 2013, con 2 proyectos importantes. Un disco nuevo e in\u00e9dito, que ver\u00e1 la luz en el mes de septiembre. Y un espect\u00e1culo para teatros, \u00abA piano y voz\u00bb, en donde Pau Don\u00e9s, acompa\u00f1ado de un pianista, reinterpreta algunas de las baladas m\u00e1s emblem\u00e1ticas del grupo. <\/p>\n","protected":false},"excerpt":{"rendered":"Jarabe de palo regresa a los escenarios espa\u00f1oles para cerrar la gira 2012, concretamente a Barcelona y Madrid, los d\u00edas 14 y 15 \n<a class=\"moretag\" href=\"https:\/\/www.televisionalternativa.es\/000\/?p=3867\"> [...]<\/a>","protected":false},"author":14,"featured_media":3868,"comment_status":"closed","ping_status":"closed","sticky":false,"template":"","format":"standard","meta":{"footnotes":""},"categories":[3,71],"tags":[326,180,312,642,111,643,327],"class_list":["post-3867","post","type-post","status-publish","format-standard","has-post-thumbnail","hentry","category-blog","category-musica","tag-alternativa","tag-concierto","tag-conciertos","tag-jarabe","tag-musica-2","tag-palo","tag-television-2"],"_links":{"self":[{"href":"https:\/\/www.televisionalternativa.es\/000\/index.php?rest_route=\/wp\/v2\/posts\/3867","targetHints":{"allow":["GET"]}}],"collection":[{"href":"https:\/\/www.televisionalternativa.es\/000\/index.php?rest_route=\/wp\/v2\/posts"}],"about":[{"href":"https:\/\/www.televisionalternativa.es\/000\/index.php?rest_route=\/wp\/v2\/types\/post"}],"author":[{"embeddable":true,"href":"https:\/\/www.televisionalternativa.es\/000\/index.php?rest_route=\/wp\/v2\/users\/14"}],"replies":[{"embeddable":true,"href":"https:\/\/www.televisionalternativa.es\/000\/index.php?rest_route=%2Fwp%2Fv2%2Fcomments&post=3867"}],"version-history":[{"count":6,"href":"https:\/\/www.televisionalternativa.es\/000\/index.php?rest_route=\/wp\/v2\/posts\/3867\/revisions"}],"predecessor-version":[{"id":5531,"href":"https:\/\/www.televisionalternativa.es\/000\/index.php?rest_route=\/wp\/v2\/posts\/3867\/revisions\/5531"}],"wp:featuredmedia":[{"embeddable":true,"href":"https:\/\/www.televisionalternativa.es\/000\/index.php?rest_route=\/wp\/v2\/media\/3868"}],"wp:attachment":[{"href":"https:\/\/www.televisionalternativa.es\/000\/index.php?rest_route=%2Fwp%2Fv2%2Fmedia&parent=3867"}],"wp:term":[{"taxonomy":"category","embeddable":true,"href":"https:\/\/www.televisionalternativa.es\/000\/index.php?rest_route=%2Fwp%2Fv2%2Fcategories&post=3867"},{"taxonomy":"post_tag","embeddable":true,"href":"https:\/\/www.televisionalternativa.es\/000\/index.php?rest_route=%2Fwp%2Fv2%2Ftags&post=3867"}],"curies":[{"name":"wp","href":"https:\/\/api.w.org\/{rel}","templated":true}]}}