{"id":3721,"date":"2012-11-29T17:40:00","date_gmt":"2012-11-29T17:40:00","guid":{"rendered":"http:\/\/www.televisionalternativa.es\/000\/?p=3721"},"modified":"2014-03-29T14:19:12","modified_gmt":"2014-03-29T14:19:12","slug":"el-3-de-diciembre-aurum-destinara-a-down-espana-parte-de-la-taquilla-que-se-recauden-en-cines-de-todo-el-pais-con-la-saga-crepusculo-amanecer-parte-2","status":"publish","type":"post","link":"https:\/\/www.televisionalternativa.es\/000\/?p=3721","title":{"rendered":"El 3 DE Diciembre, Aurum Destinar\u00e1 a Down Espa\u00f1a parte de la taquilla que se recauden en cines de todo el pa\u00eds con la saga crep\u00fasculo: Amanecer (parte 2)"},"content":{"rendered":"<p>Como apoyo a la labor que realiza la Federaci\u00f3n y para conmemorar el D\u00eda Internacional de las Personas con Discapacidad, que se celebra ese d\u00eda.<\/p>\n<p><script type=\"text\/javascript\"><!--\ngoogle_ad_client = \"ca-pub-9550527709244125\";\n\/* 468x60, creado 4\/11\/08 *\/\ngoogle_ad_slot = \"1483193768\";\ngoogle_ad_width = 468;\ngoogle_ad_height = 60;\n\/\/-->\n<\/script><br \/>\n<script type=\"text\/javascript\"\nsrc=\"http:\/\/pagead2.googlesyndication.com\/pagead\/show_ads.js\">\n<\/script><\/p>\n<p>Con motivo del D\u00eda Internacional de las Personas con Discapacidad, el 3 de diciembre, AURUM PRODUCCIONES va a poner en marcha una iniciativa muy especial. El 1% de la recaudaci\u00f3n conseguida en toda Espa\u00f1a ese d\u00eda con la \u00faltima entrega de LA SAGA CREP\u00daSCULO: AMANECER (PARTE 2), se destinar\u00e1 a los programas de la Federaci\u00f3n DOWN ESPA\u00d1A. Con ello, AURUM PRODUCCIONES quiere apoyar el trabajo que la organizaci\u00f3n realiza para impulsar la autonom\u00eda y calidad de vida de las personas con s\u00edndrome de Down en todo el pa\u00eds.<\/p>\n<p>Esta acci\u00f3n se suma a otras iniciativas recientes de AURUM, como la Pulsera Solidaria Amanecer, destinada a recaudar fondos para dotar de recursos educativos y material espec\u00edfico a diferentes organizaciones de familias y personas con este tipo de discapacidad intelectual, y que puede comprarse en los hipermercados Carrefour por 2 euros.<\/p>\n<p>DOWN ESPA\u00d1A anima a todo el mundo a acudir el 3 de diciembre a los cines para ver LA SAGA CREP\u00daSCULO: AMANECER (PARTE 2) y apoyar as\u00ed la labor de la organizaci\u00f3n.<\/p>\n<p>LA SAGA CREP\u00daSCULO: AMANECER (PARTE 2), ya en cines.<\/p>\n<p><object width=\"640\" height=\"360\"><param name=\"movie\" value=\"http:\/\/www.youtube.com\/v\/_7KWijbclec?version=3&amp;hl=es_ES\"><\/param><param name=\"allowFullScreen\" value=\"true\"><\/param><param name=\"allowscriptaccess\" value=\"always\"><\/param><embed src=\"http:\/\/www.youtube.com\/v\/_7KWijbclec?version=3&amp;hl=es_ES\" type=\"application\/x-shockwave-flash\" width=\"640\" height=\"360\" allowscriptaccess=\"always\" allowfullscreen=\"true\"><\/embed><\/object><\/p>\n<p>Television Altetrnativa Cine.<\/p>\n","protected":false},"excerpt":{"rendered":"Como apoyo a la labor que realiza la Federaci\u00f3n y para conmemorar el D\u00eda Internacional de las Personas con Discapacidad, que se celebra \n<a class=\"moretag\" href=\"https:\/\/www.televisionalternativa.es\/000\/?p=3721\"> [...]<\/a>","protected":false},"author":14,"featured_media":3727,"comment_status":"closed","ping_status":"closed","sticky":false,"template":"","format":"standard","meta":{"footnotes":""},"categories":[3,63],"tags":[326,198,64,65,68,327],"class_list":["post-3721","post","type-post","status-publish","format-standard","has-post-thumbnail","hentry","category-blog","category-cine","tag-alternativa","tag-cartelera","tag-cine-2","tag-estrenos","tag-noticias","tag-television-2"],"_links":{"self":[{"href":"https:\/\/www.televisionalternativa.es\/000\/index.php?rest_route=\/wp\/v2\/posts\/3721","targetHints":{"allow":["GET"]}}],"collection":[{"href":"https:\/\/www.televisionalternativa.es\/000\/index.php?rest_route=\/wp\/v2\/posts"}],"about":[{"href":"https:\/\/www.televisionalternativa.es\/000\/index.php?rest_route=\/wp\/v2\/types\/post"}],"author":[{"embeddable":true,"href":"https:\/\/www.televisionalternativa.es\/000\/index.php?rest_route=\/wp\/v2\/users\/14"}],"replies":[{"embeddable":true,"href":"https:\/\/www.televisionalternativa.es\/000\/index.php?rest_route=%2Fwp%2Fv2%2Fcomments&post=3721"}],"version-history":[{"count":7,"href":"https:\/\/www.televisionalternativa.es\/000\/index.php?rest_route=\/wp\/v2\/posts\/3721\/revisions"}],"predecessor-version":[{"id":5543,"href":"https:\/\/www.televisionalternativa.es\/000\/index.php?rest_route=\/wp\/v2\/posts\/3721\/revisions\/5543"}],"wp:featuredmedia":[{"embeddable":true,"href":"https:\/\/www.televisionalternativa.es\/000\/index.php?rest_route=\/wp\/v2\/media\/3727"}],"wp:attachment":[{"href":"https:\/\/www.televisionalternativa.es\/000\/index.php?rest_route=%2Fwp%2Fv2%2Fmedia&parent=3721"}],"wp:term":[{"taxonomy":"category","embeddable":true,"href":"https:\/\/www.televisionalternativa.es\/000\/index.php?rest_route=%2Fwp%2Fv2%2Fcategories&post=3721"},{"taxonomy":"post_tag","embeddable":true,"href":"https:\/\/www.televisionalternativa.es\/000\/index.php?rest_route=%2Fwp%2Fv2%2Ftags&post=3721"}],"curies":[{"name":"wp","href":"https:\/\/api.w.org\/{rel}","templated":true}]}}