{"id":3653,"date":"2012-11-21T02:50:12","date_gmt":"2012-11-21T02:50:12","guid":{"rendered":"http:\/\/www.televisionalternativa.es\/000\/?p=3653"},"modified":"2014-03-29T14:19:15","modified_gmt":"2014-03-29T14:19:15","slug":"saga-crepusculo-amanecer-segunda-parte-photocall-en-madrid-de-los-protagonistas","status":"publish","type":"post","link":"https:\/\/www.televisionalternativa.es\/000\/?p=3653","title":{"rendered":"Saga crep\u00fasculo : Amanecer segunda parte , photocall en Madrid de los protagonistas."},"content":{"rendered":"<p><object width=\"640\" height=\"360\" classid=\"clsid:d27cdb6e-ae6d-11cf-96b8-444553540000\" codebase=\"http:\/\/download.macromedia.com\/pub\/shockwave\/cabs\/flash\/swflash.cab#version=6,0,40,0\"><param name=\"allowFullScreen\" value=\"true\" \/><param name=\"allowscriptaccess\" value=\"always\" \/><param name=\"src\" value=\"http:\/\/www.youtube.com\/v\/stIgqFiXSl4&amp;autoplay=1?version=3&amp;hl=es_ES\" \/><param name=\"allowfullscreen\" value=\"true\" \/><embed width=\"640\" height=\"360\" type=\"application\/x-shockwave-flash\" src=\"http:\/\/www.youtube.com\/v\/stIgqFiXSl4&amp;autoplay=1?version=3&amp;hl=es_ES\" allowFullScreen=\"true\" allowscriptaccess=\"always\" allowfullscreen=\"true\" \/><\/object><\/p>\n<p>Nuestros compa\u00f1eros acudieron al photocall en madrid de los protagonistas de la saga Crep\u00fasculo y os mostramos la experiencia en directo de como es acudir a estos actos.<\/p>\n<p><strong>N\u00ba 1 EN TAQUILLA CON CIFRAS HIST\u00d3RICAS EN ESPA\u00d1A <\/strong><\/p>\n<p>Con 9,2 millones de euros recaudados y 1.283.000 espectadores, la \u00faltima entrega de la saga ha batido todos los r\u00e9cords de estreno en la historia de nuestro pa\u00eds.<\/p>\n<p>LA SAGA CREP\u00daSCULO: AMANECER (PARTE 2) es n\u00ba 1 de taquilla en todo el mundo. En Espa\u00f1a, con 9.200.000 \u20ac recaudados (pendientes de a\u00f1adir las \u00faltimas cifras a\u00fan no reportadas) y 1.283.000 espectadores, la \u00faltima entrega de La Saga Crep\u00fasculo alcanza una cifra r\u00e9cord: Es la primera pel\u00edcula en la historia de nuestro pa\u00eds que supera los 9 millones de euros en el fin de semana de estreno.<\/p>\n<p>Sinopsis:<\/p>\n<p>La joven Christine Brown (Alison Lohman), ambiciosa apoderada de un banco de Los \u00c1ngeles, sale con un hombre encantador, el profesor Clay Dalton (Justin Long). El trabajo de Christine consiste en conceder pr\u00e9stamos hipotecarios. Un d\u00eda la se\u00f1ora Ganush, una misteriosa anciana (Lorna Raver), va al banco para pedirle una moratoria, pero Christine se la niega, y la se\u00f1ora Ganush pierde su casa. La anciana decide entonces vengarse lanz\u00e1ndole una maldici\u00f3n que convierte su vida en un infierno. Ante la incomprensi\u00f3n de su esc\u00e9ptico novio, Christine busca la ayuda de un vidente (Dileep Rao) para salvar su alma de una condenaci\u00f3n eterna. Intentando ayudarla a recobrar una vida normal, el vidente la gu\u00eda en una fren\u00e9tica carrera para conjurar el hechizo. Pero las fuerzas del mal se acercan y Christine debe enfrentarse a algo impensable.<\/p>\n<p>Trailer:<br \/>\n<iframe loading=\"lazy\" title=\"LA SAGA CREP\u00daSCULO: AMANECER - PARTE 2. Estreno 16 Noviembre\" width=\"747\" height=\"420\" src=\"https:\/\/www.youtube.com\/embed\/_7KWijbclec?feature=oembed\" frameborder=\"0\" allow=\"accelerometer; autoplay; encrypted-media; gyroscope; picture-in-picture\" allowfullscreen><\/iframe><\/p>\n","protected":false},"excerpt":{"rendered":"Nuestros compa\u00f1eros acudieron al photocall en madrid de los protagonistas de la saga Crep\u00fasculo y os mostramos la experiencia en directo de como \n<a class=\"moretag\" href=\"https:\/\/www.televisionalternativa.es\/000\/?p=3653\"> [...]<\/a>","protected":false},"author":14,"featured_media":3654,"comment_status":"closed","ping_status":"closed","sticky":false,"template":"","format":"standard","meta":{"footnotes":""},"categories":[3,63],"tags":[326,318,198,64,593,82,68,594,327],"class_list":["post-3653","post","type-post","status-publish","format-standard","has-post-thumbnail","hentry","category-blog","category-cine","tag-alternativa","tag-amanecer","tag-cartelera","tag-cine-2","tag-crepusculo","tag-madrid","tag-noticias","tag-saga","tag-television-2"],"_links":{"self":[{"href":"https:\/\/www.televisionalternativa.es\/000\/index.php?rest_route=\/wp\/v2\/posts\/3653","targetHints":{"allow":["GET"]}}],"collection":[{"href":"https:\/\/www.televisionalternativa.es\/000\/index.php?rest_route=\/wp\/v2\/posts"}],"about":[{"href":"https:\/\/www.televisionalternativa.es\/000\/index.php?rest_route=\/wp\/v2\/types\/post"}],"author":[{"embeddable":true,"href":"https:\/\/www.televisionalternativa.es\/000\/index.php?rest_route=\/wp\/v2\/users\/14"}],"replies":[{"embeddable":true,"href":"https:\/\/www.televisionalternativa.es\/000\/index.php?rest_route=%2Fwp%2Fv2%2Fcomments&post=3653"}],"version-history":[{"count":11,"href":"https:\/\/www.televisionalternativa.es\/000\/index.php?rest_route=\/wp\/v2\/posts\/3653\/revisions"}],"predecessor-version":[{"id":5553,"href":"https:\/\/www.televisionalternativa.es\/000\/index.php?rest_route=\/wp\/v2\/posts\/3653\/revisions\/5553"}],"wp:featuredmedia":[{"embeddable":true,"href":"https:\/\/www.televisionalternativa.es\/000\/index.php?rest_route=\/wp\/v2\/media\/3654"}],"wp:attachment":[{"href":"https:\/\/www.televisionalternativa.es\/000\/index.php?rest_route=%2Fwp%2Fv2%2Fmedia&parent=3653"}],"wp:term":[{"taxonomy":"category","embeddable":true,"href":"https:\/\/www.televisionalternativa.es\/000\/index.php?rest_route=%2Fwp%2Fv2%2Fcategories&post=3653"},{"taxonomy":"post_tag","embeddable":true,"href":"https:\/\/www.televisionalternativa.es\/000\/index.php?rest_route=%2Fwp%2Fv2%2Ftags&post=3653"}],"curies":[{"name":"wp","href":"https:\/\/api.w.org\/{rel}","templated":true}]}}